{"id":2449,"date":"2012-01-04T10:58:10","date_gmt":"2012-01-04T15:58:10","guid":{"rendered":"http:\/\/www.urbecom.com\/blog\/?p=2449"},"modified":"2012-01-04T12:11:30","modified_gmt":"2012-01-04T17:11:30","slug":"ya-comenzaron-las-rebajas-online","status":"publish","type":"post","link":"https:\/\/www.urbecom.com\/blog\/ya-comenzaron-las-rebajas-online\/","title":{"rendered":"Ya comenzaron las rebajas online"},"content":{"rendered":"<p style=\"text-align: justify;\">Si hasta hace poco tiempo se ve\u00edan las t\u00edpicas im\u00e1genes de personas  amontonadas contra los escaparates esperando a que abrieran las tiendas  o el gran centro comercial para ser los primeros en comprar en rebajas, en la Red bien se podr\u00eda decir \u201cno dejes para ma\u00f1ana lo que puedes hacer hoy\u201d, y es que esta frase con un mensaje que siempre se intenta seguir para poder aprovechar mejor nuestro tiempo tambi\u00e9n parece ser que tiene \u00e1mbito de aplicaci\u00f3n en el mundo del comercio electr\u00f3nico. <strong>Las rebajas en la Red ya han dado su \u00abpistoletazo\u00bb de salida<\/strong>. <strong>Tiendas online<\/strong> de moda<strong> se adelantan a las tiendas f\u00edsicas y al 7 de enero y ya ponen las rebajas<\/strong>, en pocas palabras, el ciberespacio ya est\u00e1 en rebajas.<\/p>\n<p style=\"text-align: justify;\">Las <strong>p\u00e1ginas web <\/strong>de<strong> shopping especializadas en moda<\/strong> con m\u00e1s tr\u00e1fico de visitas en Europa no miran hacia otro lado y son <strong>conscientes <\/strong>de la situaci\u00f3n de<strong> crisis econ\u00f3mica<\/strong> que hay en la actualidad, por eso que <strong>recurran <\/strong>a su mejor carta, a <strong>la inmediatez que la Red les ofrece para llegar m\u00e1s pronto que nadie a sus clientes<\/strong>, adem\u00e1s si son con <strong>descuentos en los precios <\/strong>mejor que mejor.<\/p>\n<p style=\"text-align: justify;\"><a href=\"http:\/\/www.urbecom.com\/blog\/wp-content\/uploads\/2012\/01\/Comienzan-las-rebajas.jpg\"><img loading=\"lazy\" class=\"alignleft size-full wp-image-2454\" title=\"Comienzan las rebajas\" src=\"http:\/\/www.urbecom.com\/blog\/wp-content\/uploads\/2012\/01\/Comienzan-las-rebajas.jpg\" alt=\"\" width=\"500\" height=\"350\" \/><\/a><\/p>\n<p style=\"text-align: justify;\">Un buen ejemplo es la <strong>p\u00e1gina web alemana MyTheresa.com<\/strong>, en la que se pueden encontrar <strong>marcas<\/strong> como <strong>Balenciaga<\/strong>, <strong>Givenchy<\/strong>, Proenza Schouler, 3.1 Phillip Lim, Fendi, y Lanvin, y que ya presentan un apartado dedicado a las <strong>rebajas con un 60% de descuento<\/strong>.<\/p>\n<p style=\"text-align: justify;\">En<strong> Espa\u00f1a<\/strong>, el a\u00f1o pasado la tienda online <strong>Asos.com abri\u00f3 sus puertas ofreciendo ofertas con los mejores descuentos<\/strong>; este a\u00f1o que acaba de empezar ya muestra las mejores ofertas con descuentos de hasta un <strong>70%<\/strong> tanto <strong>para hombres como para mujeres<\/strong>.<\/p>\n<p style=\"text-align: justify;\">Amplia y diversa, as\u00ed se puede definir la oferta de marcas que los usuarios encontrar\u00e1n en <strong>Asos.com<\/strong>, y es que hasta <strong>m\u00e1s de 850 marcas<\/strong> presenta, desde la propia Asos, hasta Sonia Rykiel, River Island, Sister Jane, Kookai, American Apparel, pasando por <strong>Vivienne Westwood <\/strong>o Cacharel.<\/p>\n<p style=\"text-align: justify;\">Otra tienda que tambi\u00e9n ofrece ya <strong>descuentos de hasta un 70%<\/strong>, es <strong>Netaporter.com<\/strong>, una de las tiendas online de moda m\u00e1s importantes de Europa. En ella se puede encontrar una selecci\u00f3n con las mejores <strong>marcas de lujo<\/strong> como <strong>Alexander McQueen<\/strong>,<strong> Gucci<\/strong>, Burberry, o <strong>Yves Saint Laurent<\/strong>.<\/p>\n<p style=\"text-align: justify;\">Para los que quieren <a href=\"http:\/\/www.urbecom.com\/\">crear tienda online<\/a> noticias de este tipo son una gran motivaci\u00f3n, y es que la \u00e9poca de rebajas sin duda es la mejor oportunidad para empezar a destacarse del resto, para ofrecer los productos con los mejores precios y mejores descuentos.<\/p>\n<p style=\"text-align: justify;\">\n<p style=\"text-align: justify;\">\n<p style=\"text-align: justify;\">\n<p style=\"text-align: justify;\">\n<p style=\"text-align: justify;\">\n<p style=\"text-align: justify;\">\n","protected":false},"excerpt":{"rendered":"<p>Si hasta hace poco tiempo se ve\u00edan las t\u00edpicas im\u00e1genes de personas amontonadas contra los escaparates esperando a que abrieran las tiendas o el gran centro comercial para ser los primeros en comprar en rebajas, en la Red bien se podr\u00eda decir \u201cno dejes para ma\u00f1ana lo que puedes hacer hoy\u201d, y es que esta [&hellip;]<\/p>\n","protected":false},"author":4,"featured_media":0,"comment_status":"open","ping_status":"open","sticky":false,"template":"","format":"standard","meta":[],"categories":[17,12],"tags":[1199,160,543,27,35,531,21],"yoast_head":"<!-- This site is optimized with the Yoast SEO plugin v18.9 - https:\/\/yoast.com\/wordpress\/plugins\/seo\/ -->\n<title>Ya comenzaron las rebajas online - Blog de comercio electr\u00f3nico, Ecommerce y Marketing Online | urbeCOM<\/title>\n<meta name=\"robots\" content=\"index, follow, max-snippet:-1, max-image-preview:large, max-video-preview:-1\" \/>\n<link rel=\"canonical\" href=\"https:\/\/www.urbecom.com\/blog\/ya-comenzaron-las-rebajas-online\/\" \/>\n<meta property=\"og:locale\" content=\"es_ES\" \/>\n<meta property=\"og:type\" content=\"article\" \/>\n<meta property=\"og:title\" content=\"Ya comenzaron las rebajas online - Blog de comercio electr\u00f3nico, Ecommerce y Marketing Online | urbeCOM\" \/>\n<meta property=\"og:description\" content=\"Si hasta hace poco tiempo se ve\u00edan las t\u00edpicas im\u00e1genes de personas amontonadas contra los escaparates esperando a que abrieran las tiendas o el gran centro comercial para ser los primeros en comprar en rebajas, en la Red bien se podr\u00eda decir \u201cno dejes para ma\u00f1ana lo que puedes hacer hoy\u201d, y es que esta [&hellip;]\" \/>\n<meta property=\"og:url\" content=\"https:\/\/www.urbecom.com\/blog\/ya-comenzaron-las-rebajas-online\/\" \/>\n<meta property=\"og:site_name\" content=\"Blog de comercio electr\u00f3nico, Ecommerce y Marketing Online | urbeCOM\" \/>\n<meta property=\"article:publisher\" content=\"https:\/\/www.facebook.com\/urbecom\" \/>\n<meta property=\"article:published_time\" content=\"2012-01-04T15:58:10+00:00\" \/>\n<meta property=\"article:modified_time\" content=\"2012-01-04T17:11:30+00:00\" \/>\n<meta property=\"og:image\" content=\"http:\/\/www.urbecom.com\/blog\/wp-content\/uploads\/2012\/01\/Comienzan-las-rebajas.jpg\" \/>\n<meta name=\"twitter:card\" content=\"summary_large_image\" \/>\n<meta name=\"twitter:creator\" content=\"@urbecom\" \/>\n<meta name=\"twitter:site\" content=\"@urbecom\" \/>\n<meta name=\"twitter:label1\" content=\"Escrito por\" \/>\n\t<meta name=\"twitter:data1\" content=\"Redaccion\" \/>\n\t<meta name=\"twitter:label2\" content=\"Tiempo de lectura\" \/>\n\t<meta name=\"twitter:data2\" content=\"2 minutos\" \/>\n<script type=\"application\/ld+json\" class=\"yoast-schema-graph\">{\"@context\":\"https:\/\/schema.org\",\"@graph\":[{\"@type\":\"Organization\",\"@id\":\"https:\/\/www.urbecom.com\/blog\/#organization\",\"name\":\"UrbeCOM Ecomercio S.L.\",\"url\":\"https:\/\/www.urbecom.com\/blog\/\",\"sameAs\":[\"https:\/\/es.pinterest.com\/Urbecom\/\",\"https:\/\/www.youtube.com\/user\/urbecom\",\"https:\/\/www.facebook.com\/urbecom\",\"https:\/\/twitter.com\/urbecom\"],\"logo\":{\"@type\":\"ImageObject\",\"inLanguage\":\"es\",\"@id\":\"https:\/\/www.urbecom.com\/blog\/#\/schema\/logo\/image\/\",\"url\":\"https:\/\/www.urbecom.com\/blog\/wp-content\/uploads\/2019\/05\/Imagotipo800.png\",\"contentUrl\":\"https:\/\/www.urbecom.com\/blog\/wp-content\/uploads\/2019\/05\/Imagotipo800.png\",\"width\":800,\"height\":800,\"caption\":\"UrbeCOM Ecomercio S.L.\"},\"image\":{\"@id\":\"https:\/\/www.urbecom.com\/blog\/#\/schema\/logo\/image\/\"}},{\"@type\":\"WebSite\",\"@id\":\"https:\/\/www.urbecom.com\/blog\/#website\",\"url\":\"https:\/\/www.urbecom.com\/blog\/\",\"name\":\"Blog de comercio electr\u00f3nico, Ecommerce y Marketing Online | urbeCOM\",\"description\":\"Blog de urbeCOM donde encontrar\u00e1s informaci\u00f3n sobre el comercio electr\u00f3nico, c\u00f3mo crear una tienda online, c\u00f3mo vender en Internet y en Redes Sociales, Marketing online, etc.\",\"publisher\":{\"@id\":\"https:\/\/www.urbecom.com\/blog\/#organization\"},\"potentialAction\":[{\"@type\":\"SearchAction\",\"target\":{\"@type\":\"EntryPoint\",\"urlTemplate\":\"https:\/\/www.urbecom.com\/blog\/?s={search_term_string}\"},\"query-input\":\"required name=search_term_string\"}],\"inLanguage\":\"es\"},{\"@type\":\"ImageObject\",\"inLanguage\":\"es\",\"@id\":\"https:\/\/www.urbecom.com\/blog\/ya-comenzaron-las-rebajas-online\/#primaryimage\",\"url\":\"http:\/\/www.urbecom.com\/blog\/wp-content\/uploads\/2012\/01\/Comienzan-las-rebajas.jpg\",\"contentUrl\":\"http:\/\/www.urbecom.com\/blog\/wp-content\/uploads\/2012\/01\/Comienzan-las-rebajas.jpg\"},{\"@type\":\"WebPage\",\"@id\":\"https:\/\/www.urbecom.com\/blog\/ya-comenzaron-las-rebajas-online\/#webpage\",\"url\":\"https:\/\/www.urbecom.com\/blog\/ya-comenzaron-las-rebajas-online\/\",\"name\":\"Ya comenzaron las rebajas online - Blog de comercio electr\u00f3nico, Ecommerce y Marketing Online | urbeCOM\",\"isPartOf\":{\"@id\":\"https:\/\/www.urbecom.com\/blog\/#website\"},\"primaryImageOfPage\":{\"@id\":\"https:\/\/www.urbecom.com\/blog\/ya-comenzaron-las-rebajas-online\/#primaryimage\"},\"datePublished\":\"2012-01-04T15:58:10+00:00\",\"dateModified\":\"2012-01-04T17:11:30+00:00\",\"breadcrumb\":{\"@id\":\"https:\/\/www.urbecom.com\/blog\/ya-comenzaron-las-rebajas-online\/#breadcrumb\"},\"inLanguage\":\"es\",\"potentialAction\":[{\"@type\":\"ReadAction\",\"target\":[\"https:\/\/www.urbecom.com\/blog\/ya-comenzaron-las-rebajas-online\/\"]}]},{\"@type\":\"BreadcrumbList\",\"@id\":\"https:\/\/www.urbecom.com\/blog\/ya-comenzaron-las-rebajas-online\/#breadcrumb\",\"itemListElement\":[{\"@type\":\"ListItem\",\"position\":1,\"name\":\"Portada\",\"item\":\"https:\/\/www.urbecom.com\/blog\/\"},{\"@type\":\"ListItem\",\"position\":2,\"name\":\"Ya comenzaron las rebajas online\"}]},{\"@type\":\"Article\",\"@id\":\"https:\/\/www.urbecom.com\/blog\/ya-comenzaron-las-rebajas-online\/#article\",\"isPartOf\":{\"@id\":\"https:\/\/www.urbecom.com\/blog\/ya-comenzaron-las-rebajas-online\/#webpage\"},\"author\":{\"@id\":\"https:\/\/www.urbecom.com\/blog\/#\/schema\/person\/d7c213dd82e482dbd40a897ada31a39b\"},\"headline\":\"Ya comenzaron las rebajas online\",\"datePublished\":\"2012-01-04T15:58:10+00:00\",\"dateModified\":\"2012-01-04T17:11:30+00:00\",\"mainEntityOfPage\":{\"@id\":\"https:\/\/www.urbecom.com\/blog\/ya-comenzaron-las-rebajas-online\/#webpage\"},\"wordCount\":444,\"commentCount\":0,\"publisher\":{\"@id\":\"https:\/\/www.urbecom.com\/blog\/#organization\"},\"image\":{\"@id\":\"https:\/\/www.urbecom.com\/blog\/ya-comenzaron-las-rebajas-online\/#primaryimage\"},\"thumbnailUrl\":\"http:\/\/www.urbecom.com\/blog\/wp-content\/uploads\/2012\/01\/Comienzan-las-rebajas.jpg\",\"keywords\":[\"Comercio Electr\u00f3nico\",\"crear tienda online\",\"shopping\",\"tienda online\",\"tiendas online\",\"tiendas online de moda\",\"usuarios\"],\"articleSection\":[\"Comercio Electr\u00f3nico\",\"noticias\"],\"inLanguage\":\"es\",\"potentialAction\":[{\"@type\":\"CommentAction\",\"name\":\"Comment\",\"target\":[\"https:\/\/www.urbecom.com\/blog\/ya-comenzaron-las-rebajas-online\/#respond\"]}]},{\"@type\":\"Person\",\"@id\":\"https:\/\/www.urbecom.com\/blog\/#\/schema\/person\/d7c213dd82e482dbd40a897ada31a39b\",\"name\":\"Redaccion\",\"url\":\"https:\/\/www.urbecom.com\/blog\/author\/redaccion\/\"}]}<\/script>\n<!-- \/ Yoast SEO plugin. -->","yoast_head_json":{"title":"Ya comenzaron las rebajas online - Blog de comercio electr\u00f3nico, Ecommerce y Marketing Online | urbeCOM","robots":{"index":"index","follow":"follow","max-snippet":"max-snippet:-1","max-image-preview":"max-image-preview:large","max-video-preview":"max-video-preview:-1"},"canonical":"https:\/\/www.urbecom.com\/blog\/ya-comenzaron-las-rebajas-online\/","og_locale":"es_ES","og_type":"article","og_title":"Ya comenzaron las rebajas online - Blog de comercio electr\u00f3nico, Ecommerce y Marketing Online | urbeCOM","og_description":"Si hasta hace poco tiempo se ve\u00edan las t\u00edpicas im\u00e1genes de personas amontonadas contra los escaparates esperando a que abrieran las tiendas o el gran centro comercial para ser los primeros en comprar en rebajas, en la Red bien se podr\u00eda decir \u201cno dejes para ma\u00f1ana lo que puedes hacer hoy\u201d, y es que esta [&hellip;]","og_url":"https:\/\/www.urbecom.com\/blog\/ya-comenzaron-las-rebajas-online\/","og_site_name":"Blog de comercio electr\u00f3nico, Ecommerce y Marketing Online | urbeCOM","article_publisher":"https:\/\/www.facebook.com\/urbecom","article_published_time":"2012-01-04T15:58:10+00:00","article_modified_time":"2012-01-04T17:11:30+00:00","og_image":[{"url":"http:\/\/www.urbecom.com\/blog\/wp-content\/uploads\/2012\/01\/Comienzan-las-rebajas.jpg"}],"twitter_card":"summary_large_image","twitter_creator":"@urbecom","twitter_site":"@urbecom","twitter_misc":{"Escrito por":"Redaccion","Tiempo de lectura":"2 minutos"},"schema":{"@context":"https:\/\/schema.org","@graph":[{"@type":"Organization","@id":"https:\/\/www.urbecom.com\/blog\/#organization","name":"UrbeCOM Ecomercio S.L.","url":"https:\/\/www.urbecom.com\/blog\/","sameAs":["https:\/\/es.pinterest.com\/Urbecom\/","https:\/\/www.youtube.com\/user\/urbecom","https:\/\/www.facebook.com\/urbecom","https:\/\/twitter.com\/urbecom"],"logo":{"@type":"ImageObject","inLanguage":"es","@id":"https:\/\/www.urbecom.com\/blog\/#\/schema\/logo\/image\/","url":"https:\/\/www.urbecom.com\/blog\/wp-content\/uploads\/2019\/05\/Imagotipo800.png","contentUrl":"https:\/\/www.urbecom.com\/blog\/wp-content\/uploads\/2019\/05\/Imagotipo800.png","width":800,"height":800,"caption":"UrbeCOM Ecomercio S.L."},"image":{"@id":"https:\/\/www.urbecom.com\/blog\/#\/schema\/logo\/image\/"}},{"@type":"WebSite","@id":"https:\/\/www.urbecom.com\/blog\/#website","url":"https:\/\/www.urbecom.com\/blog\/","name":"Blog de comercio electr\u00f3nico, Ecommerce y Marketing Online | urbeCOM","description":"Blog de urbeCOM donde encontrar\u00e1s informaci\u00f3n sobre el comercio electr\u00f3nico, c\u00f3mo crear una tienda online, c\u00f3mo vender en Internet y en Redes Sociales, Marketing online, etc.","publisher":{"@id":"https:\/\/www.urbecom.com\/blog\/#organization"},"potentialAction":[{"@type":"SearchAction","target":{"@type":"EntryPoint","urlTemplate":"https:\/\/www.urbecom.com\/blog\/?s={search_term_string}"},"query-input":"required name=search_term_string"}],"inLanguage":"es"},{"@type":"ImageObject","inLanguage":"es","@id":"https:\/\/www.urbecom.com\/blog\/ya-comenzaron-las-rebajas-online\/#primaryimage","url":"http:\/\/www.urbecom.com\/blog\/wp-content\/uploads\/2012\/01\/Comienzan-las-rebajas.jpg","contentUrl":"http:\/\/www.urbecom.com\/blog\/wp-content\/uploads\/2012\/01\/Comienzan-las-rebajas.jpg"},{"@type":"WebPage","@id":"https:\/\/www.urbecom.com\/blog\/ya-comenzaron-las-rebajas-online\/#webpage","url":"https:\/\/www.urbecom.com\/blog\/ya-comenzaron-las-rebajas-online\/","name":"Ya comenzaron las rebajas online - Blog de comercio electr\u00f3nico, Ecommerce y Marketing Online | urbeCOM","isPartOf":{"@id":"https:\/\/www.urbecom.com\/blog\/#website"},"primaryImageOfPage":{"@id":"https:\/\/www.urbecom.com\/blog\/ya-comenzaron-las-rebajas-online\/#primaryimage"},"datePublished":"2012-01-04T15:58:10+00:00","dateModified":"2012-01-04T17:11:30+00:00","breadcrumb":{"@id":"https:\/\/www.urbecom.com\/blog\/ya-comenzaron-las-rebajas-online\/#breadcrumb"},"inLanguage":"es","potentialAction":[{"@type":"ReadAction","target":["https:\/\/www.urbecom.com\/blog\/ya-comenzaron-las-rebajas-online\/"]}]},{"@type":"BreadcrumbList","@id":"https:\/\/www.urbecom.com\/blog\/ya-comenzaron-las-rebajas-online\/#breadcrumb","itemListElement":[{"@type":"ListItem","position":1,"name":"Portada","item":"https:\/\/www.urbecom.com\/blog\/"},{"@type":"ListItem","position":2,"name":"Ya comenzaron las rebajas online"}]},{"@type":"Article","@id":"https:\/\/www.urbecom.com\/blog\/ya-comenzaron-las-rebajas-online\/#article","isPartOf":{"@id":"https:\/\/www.urbecom.com\/blog\/ya-comenzaron-las-rebajas-online\/#webpage"},"author":{"@id":"https:\/\/www.urbecom.com\/blog\/#\/schema\/person\/d7c213dd82e482dbd40a897ada31a39b"},"headline":"Ya comenzaron las rebajas online","datePublished":"2012-01-04T15:58:10+00:00","dateModified":"2012-01-04T17:11:30+00:00","mainEntityOfPage":{"@id":"https:\/\/www.urbecom.com\/blog\/ya-comenzaron-las-rebajas-online\/#webpage"},"wordCount":444,"commentCount":0,"publisher":{"@id":"https:\/\/www.urbecom.com\/blog\/#organization"},"image":{"@id":"https:\/\/www.urbecom.com\/blog\/ya-comenzaron-las-rebajas-online\/#primaryimage"},"thumbnailUrl":"http:\/\/www.urbecom.com\/blog\/wp-content\/uploads\/2012\/01\/Comienzan-las-rebajas.jpg","keywords":["Comercio Electr\u00f3nico","crear tienda online","shopping","tienda online","tiendas online","tiendas online de moda","usuarios"],"articleSection":["Comercio Electr\u00f3nico","noticias"],"inLanguage":"es","potentialAction":[{"@type":"CommentAction","name":"Comment","target":["https:\/\/www.urbecom.com\/blog\/ya-comenzaron-las-rebajas-online\/#respond"]}]},{"@type":"Person","@id":"https:\/\/www.urbecom.com\/blog\/#\/schema\/person\/d7c213dd82e482dbd40a897ada31a39b","name":"Redaccion","url":"https:\/\/www.urbecom.com\/blog\/author\/redaccion\/"}]}},"_links":{"self":[{"href":"https:\/\/www.urbecom.com\/blog\/wp-json\/wp\/v2\/posts\/2449"}],"collection":[{"href":"https:\/\/www.urbecom.com\/blog\/wp-json\/wp\/v2\/posts"}],"about":[{"href":"https:\/\/www.urbecom.com\/blog\/wp-json\/wp\/v2\/types\/post"}],"author":[{"embeddable":true,"href":"https:\/\/www.urbecom.com\/blog\/wp-json\/wp\/v2\/users\/4"}],"replies":[{"embeddable":true,"href":"https:\/\/www.urbecom.com\/blog\/wp-json\/wp\/v2\/comments?post=2449"}],"version-history":[{"count":9,"href":"https:\/\/www.urbecom.com\/blog\/wp-json\/wp\/v2\/posts\/2449\/revisions"}],"predecessor-version":[{"id":2458,"href":"https:\/\/www.urbecom.com\/blog\/wp-json\/wp\/v2\/posts\/2449\/revisions\/2458"}],"wp:attachment":[{"href":"https:\/\/www.urbecom.com\/blog\/wp-json\/wp\/v2\/media?parent=2449"}],"wp:term":[{"taxonomy":"category","embeddable":true,"href":"https:\/\/www.urbecom.com\/blog\/wp-json\/wp\/v2\/categories?post=2449"},{"taxonomy":"post_tag","embeddable":true,"href":"https:\/\/www.urbecom.com\/blog\/wp-json\/wp\/v2\/tags?post=2449"}],"curies":[{"name":"wp","href":"https:\/\/api.w.org\/{rel}","templated":true}]}}