{"id":2936,"date":"2012-02-16T07:33:33","date_gmt":"2012-02-16T12:33:33","guid":{"rendered":"http:\/\/www.urbecom.com\/blog\/?p=2936"},"modified":"2012-02-16T13:27:25","modified_gmt":"2012-02-16T18:27:25","slug":"las-ventas-online-crecen-un-20-en-san-valentin","status":"publish","type":"post","link":"https:\/\/www.urbecom.com\/blog\/las-ventas-online-crecen-un-20-en-san-valentin\/","title":{"rendered":"Las ventas online crecen un 20% en San Valent\u00edn"},"content":{"rendered":"<p style=\"text-align: justify;\"><strong>Navidades<\/strong>, y <strong>rebajas de enero<\/strong>, dos <strong>fechas claves<\/strong> en el que el mundo del <strong>comercio electr\u00f3nico<\/strong> y las <strong>ventas por Internet<\/strong> \u201chacen su agosto\u201d. \u00bfY que ocurre con San Valent\u00edn?, no pod\u00eda ser menos. Y es que seg\u00fan los datos extra\u00eddos que<strong> acens<\/strong> ha elaborado, se concluye que las <strong>ventas online<\/strong> durante el periodo que transcurre entre los d\u00edas <strong>1 y 14 de febrero<\/strong>, d\u00eda de San Valent\u00edn, se<strong> incrementaron<\/strong> hasta un <strong>20%<\/strong> en relaci\u00f3n al <strong>volumen de negocio<\/strong> que un <strong>mes normal<\/strong> puede tener.<\/p>\n<p style=\"text-align: justify;\"><strong>Acens<\/strong>, quien ha elaborado el estudio, es el<strong> proveedor l\u00edder<\/strong> de<strong> servicios <\/strong>de <strong>Cloud Hosting<\/strong>, <strong>Hosting<\/strong>, <strong>Housing<\/strong> y <strong>Soluciones de Telecomunicaciones<\/strong> para el <strong>mercado empresarial<\/strong>, entre m\u00e1s de mil clientes y tiendas de comercio electr\u00f3nico.<\/p>\n<p style=\"text-align: justify;\"><a href=\"http:\/\/www.urbecom.com\/blog\/wp-content\/uploads\/2012\/02\/AA.jpg\"><img loading=\"lazy\" class=\"alignleft size-medium wp-image-2942\" title=\"El comercio online se increment\u00f3 un 20% en San Valent\u00edn\" src=\"http:\/\/www.urbecom.com\/blog\/wp-content\/uploads\/2012\/02\/AA-300x199.jpg\" alt=\"\" width=\"450\" height=\"225\" \/><\/a>D\u00edas previos y el mismo d\u00eda de San Valent\u00edn, que para las <strong>empresas<\/strong>, fundamentalmente las <strong>PYMES<\/strong>, los tienen se\u00f1alados en el calendario en rojo, y es que son fechas que representan <strong>oportunidades<\/strong> para <strong>incrementar<\/strong> su <strong>volumen de negocio<\/strong>, y por ende sus <strong>ventas<\/strong>.<\/p>\n<p style=\"text-align: justify;\">En estas fechas es cuando se aprecia realmente si su <strong>presencia<\/strong> y <strong>posicionamiento online<\/strong> en la <strong>Red<\/strong> es el <strong>correcto<\/strong>, o por el contrario el resto de la competencia est\u00e1 mucho mejor posicionada en Internet.<\/p>\n<p style=\"text-align: justify;\">En \u00e9pocas como la<strong> Navidad<\/strong>, <strong>rebajas de enero<\/strong> o las pr\u00f3ximas de <strong>verano<\/strong>, o en este caso reciente, el \u00faltimo d\u00eda de <strong>San Valent\u00edn<\/strong>, son periodos considerados de <strong>ventas especiales<\/strong> para las <strong>tiendas online<\/strong>, y es que la <strong>concentraci\u00f3n<\/strong> de <strong>operaciones de compra y venta<\/strong> que a trav\u00e9s del <strong>comercio electr\u00f3nico<\/strong> se van a realizar, se <strong>incrementan <\/strong>sobremanera respecto a otros momentos del a\u00f1o.<\/p>\n<p style=\"text-align: justify;\">Destacar tambi\u00e9n que la <strong>Red<\/strong> no solamente es ya el lugar en el que muchos y muchas realizan sus compras online, sino que tambi\u00e9n es el <strong>sitio de consulta para comparar precios y productos antes de efectuar la compra offline<\/strong>, tal y como muestra los datos de volumen que se calculan en funci\u00f3n del <strong>concepto ROPO<\/strong> (<strong>b\u00fasqueda online para comprar offline<\/strong>). En<strong> Espa\u00f1a<\/strong> el volumen asociado al <strong>concepto ROPO<\/strong> es de <strong>38.000 millones de euros<\/strong>.<\/p>\n<p style=\"text-align: justify;\">Noticias de este tipo, y con estos datos, han de servir de motivaci\u00f3n para los que quieren <a href=\"http:\/\/www.urbecom.com\/\">crear tienda online<\/a>, y es que deben ser conscientes que fechas tan se\u00f1aladas desde el punto de vista comercial, como son Navidad, rebajas de enero y de verano, o San Valent\u00edn, es donde realmente se ve si su posicionamiento en la Red es el correcto para que sus ventas aumenten.<\/p>\n<p style=\"text-align: justify;\">\n<p style=\"text-align: justify;\">\n<p style=\"text-align: justify;\">\n","protected":false},"excerpt":{"rendered":"<p>Navidades, y rebajas de enero, dos fechas claves en el que el mundo del comercio electr\u00f3nico y las ventas por Internet \u201chacen su agosto\u201d. \u00bfY que ocurre con San Valent\u00edn?, no pod\u00eda ser menos. Y es que seg\u00fan los datos extra\u00eddos que acens ha elaborado, se concluye que las ventas online durante el periodo que [&hellip;]<\/p>\n","protected":false},"author":4,"featured_media":0,"comment_status":"open","ping_status":"open","sticky":false,"template":"","format":"standard","meta":[],"categories":[17,12],"tags":[1199,568,160,27,39],"yoast_head":"<!-- This site is optimized with the Yoast SEO plugin v18.9 - https:\/\/yoast.com\/wordpress\/plugins\/seo\/ -->\n<title>Las ventas online crecen un 20% en San Valent\u00edn - Blog de comercio electr\u00f3nico, Ecommerce y Marketing Online | urbeCOM<\/title>\n<meta name=\"robots\" content=\"index, follow, max-snippet:-1, max-image-preview:large, max-video-preview:-1\" \/>\n<link rel=\"canonical\" href=\"https:\/\/www.urbecom.com\/blog\/las-ventas-online-crecen-un-20-en-san-valentin\/\" \/>\n<meta property=\"og:locale\" content=\"es_ES\" \/>\n<meta property=\"og:type\" content=\"article\" \/>\n<meta property=\"og:title\" content=\"Las ventas online crecen un 20% en San Valent\u00edn - Blog de comercio electr\u00f3nico, Ecommerce y Marketing Online | urbeCOM\" \/>\n<meta property=\"og:description\" content=\"Navidades, y rebajas de enero, dos fechas claves en el que el mundo del comercio electr\u00f3nico y las ventas por Internet \u201chacen su agosto\u201d. \u00bfY que ocurre con San Valent\u00edn?, no pod\u00eda ser menos. Y es que seg\u00fan los datos extra\u00eddos que acens ha elaborado, se concluye que las ventas online durante el periodo que [&hellip;]\" \/>\n<meta property=\"og:url\" content=\"https:\/\/www.urbecom.com\/blog\/las-ventas-online-crecen-un-20-en-san-valentin\/\" \/>\n<meta property=\"og:site_name\" content=\"Blog de comercio electr\u00f3nico, Ecommerce y Marketing Online | urbeCOM\" \/>\n<meta property=\"article:publisher\" content=\"https:\/\/www.facebook.com\/urbecom\" \/>\n<meta property=\"article:published_time\" content=\"2012-02-16T12:33:33+00:00\" \/>\n<meta property=\"article:modified_time\" content=\"2012-02-16T18:27:25+00:00\" \/>\n<meta property=\"og:image\" content=\"http:\/\/www.urbecom.com\/blog\/wp-content\/uploads\/2012\/02\/AA-300x199.jpg\" \/>\n<meta name=\"twitter:card\" content=\"summary_large_image\" \/>\n<meta name=\"twitter:creator\" content=\"@urbecom\" \/>\n<meta name=\"twitter:site\" content=\"@urbecom\" \/>\n<meta name=\"twitter:label1\" content=\"Escrito por\" \/>\n\t<meta name=\"twitter:data1\" content=\"Redaccion\" \/>\n\t<meta name=\"twitter:label2\" content=\"Tiempo de lectura\" \/>\n\t<meta name=\"twitter:data2\" content=\"2 minutos\" \/>\n<script type=\"application\/ld+json\" class=\"yoast-schema-graph\">{\"@context\":\"https:\/\/schema.org\",\"@graph\":[{\"@type\":\"Organization\",\"@id\":\"https:\/\/www.urbecom.com\/blog\/#organization\",\"name\":\"UrbeCOM Ecomercio S.L.\",\"url\":\"https:\/\/www.urbecom.com\/blog\/\",\"sameAs\":[\"https:\/\/es.pinterest.com\/Urbecom\/\",\"https:\/\/www.youtube.com\/user\/urbecom\",\"https:\/\/www.facebook.com\/urbecom\",\"https:\/\/twitter.com\/urbecom\"],\"logo\":{\"@type\":\"ImageObject\",\"inLanguage\":\"es\",\"@id\":\"https:\/\/www.urbecom.com\/blog\/#\/schema\/logo\/image\/\",\"url\":\"https:\/\/www.urbecom.com\/blog\/wp-content\/uploads\/2019\/05\/Imagotipo800.png\",\"contentUrl\":\"https:\/\/www.urbecom.com\/blog\/wp-content\/uploads\/2019\/05\/Imagotipo800.png\",\"width\":800,\"height\":800,\"caption\":\"UrbeCOM Ecomercio S.L.\"},\"image\":{\"@id\":\"https:\/\/www.urbecom.com\/blog\/#\/schema\/logo\/image\/\"}},{\"@type\":\"WebSite\",\"@id\":\"https:\/\/www.urbecom.com\/blog\/#website\",\"url\":\"https:\/\/www.urbecom.com\/blog\/\",\"name\":\"Blog de comercio electr\u00f3nico, Ecommerce y Marketing Online | urbeCOM\",\"description\":\"Blog de urbeCOM donde encontrar\u00e1s informaci\u00f3n sobre el comercio electr\u00f3nico, c\u00f3mo crear una tienda online, c\u00f3mo vender en Internet y en Redes Sociales, Marketing online, etc.\",\"publisher\":{\"@id\":\"https:\/\/www.urbecom.com\/blog\/#organization\"},\"potentialAction\":[{\"@type\":\"SearchAction\",\"target\":{\"@type\":\"EntryPoint\",\"urlTemplate\":\"https:\/\/www.urbecom.com\/blog\/?s={search_term_string}\"},\"query-input\":\"required name=search_term_string\"}],\"inLanguage\":\"es\"},{\"@type\":\"ImageObject\",\"inLanguage\":\"es\",\"@id\":\"https:\/\/www.urbecom.com\/blog\/las-ventas-online-crecen-un-20-en-san-valentin\/#primaryimage\",\"url\":\"http:\/\/www.urbecom.com\/blog\/wp-content\/uploads\/2012\/02\/AA-300x199.jpg\",\"contentUrl\":\"http:\/\/www.urbecom.com\/blog\/wp-content\/uploads\/2012\/02\/AA-300x199.jpg\"},{\"@type\":\"WebPage\",\"@id\":\"https:\/\/www.urbecom.com\/blog\/las-ventas-online-crecen-un-20-en-san-valentin\/#webpage\",\"url\":\"https:\/\/www.urbecom.com\/blog\/las-ventas-online-crecen-un-20-en-san-valentin\/\",\"name\":\"Las ventas online crecen un 20% en San Valent\u00edn - Blog de comercio electr\u00f3nico, Ecommerce y Marketing Online | urbeCOM\",\"isPartOf\":{\"@id\":\"https:\/\/www.urbecom.com\/blog\/#website\"},\"primaryImageOfPage\":{\"@id\":\"https:\/\/www.urbecom.com\/blog\/las-ventas-online-crecen-un-20-en-san-valentin\/#primaryimage\"},\"datePublished\":\"2012-02-16T12:33:33+00:00\",\"dateModified\":\"2012-02-16T18:27:25+00:00\",\"breadcrumb\":{\"@id\":\"https:\/\/www.urbecom.com\/blog\/las-ventas-online-crecen-un-20-en-san-valentin\/#breadcrumb\"},\"inLanguage\":\"es\",\"potentialAction\":[{\"@type\":\"ReadAction\",\"target\":[\"https:\/\/www.urbecom.com\/blog\/las-ventas-online-crecen-un-20-en-san-valentin\/\"]}]},{\"@type\":\"BreadcrumbList\",\"@id\":\"https:\/\/www.urbecom.com\/blog\/las-ventas-online-crecen-un-20-en-san-valentin\/#breadcrumb\",\"itemListElement\":[{\"@type\":\"ListItem\",\"position\":1,\"name\":\"Portada\",\"item\":\"https:\/\/www.urbecom.com\/blog\/\"},{\"@type\":\"ListItem\",\"position\":2,\"name\":\"Las ventas online crecen un 20% en San Valent\u00edn\"}]},{\"@type\":\"Article\",\"@id\":\"https:\/\/www.urbecom.com\/blog\/las-ventas-online-crecen-un-20-en-san-valentin\/#article\",\"isPartOf\":{\"@id\":\"https:\/\/www.urbecom.com\/blog\/las-ventas-online-crecen-un-20-en-san-valentin\/#webpage\"},\"author\":{\"@id\":\"https:\/\/www.urbecom.com\/blog\/#\/schema\/person\/d7c213dd82e482dbd40a897ada31a39b\"},\"headline\":\"Las ventas online crecen un 20% en San Valent\u00edn\",\"datePublished\":\"2012-02-16T12:33:33+00:00\",\"dateModified\":\"2012-02-16T18:27:25+00:00\",\"mainEntityOfPage\":{\"@id\":\"https:\/\/www.urbecom.com\/blog\/las-ventas-online-crecen-un-20-en-san-valentin\/#webpage\"},\"wordCount\":440,\"commentCount\":0,\"publisher\":{\"@id\":\"https:\/\/www.urbecom.com\/blog\/#organization\"},\"image\":{\"@id\":\"https:\/\/www.urbecom.com\/blog\/las-ventas-online-crecen-un-20-en-san-valentin\/#primaryimage\"},\"thumbnailUrl\":\"http:\/\/www.urbecom.com\/blog\/wp-content\/uploads\/2012\/02\/AA-300x199.jpg\",\"keywords\":[\"Comercio Electr\u00f3nico\",\"compra offline\",\"crear tienda online\",\"tienda online\",\"ventas por internet\"],\"articleSection\":[\"Comercio Electr\u00f3nico\",\"noticias\"],\"inLanguage\":\"es\",\"potentialAction\":[{\"@type\":\"CommentAction\",\"name\":\"Comment\",\"target\":[\"https:\/\/www.urbecom.com\/blog\/las-ventas-online-crecen-un-20-en-san-valentin\/#respond\"]}]},{\"@type\":\"Person\",\"@id\":\"https:\/\/www.urbecom.com\/blog\/#\/schema\/person\/d7c213dd82e482dbd40a897ada31a39b\",\"name\":\"Redaccion\",\"url\":\"https:\/\/www.urbecom.com\/blog\/author\/redaccion\/\"}]}<\/script>\n<!-- \/ Yoast SEO plugin. -->","yoast_head_json":{"title":"Las ventas online crecen un 20% en San Valent\u00edn - Blog de comercio electr\u00f3nico, Ecommerce y Marketing Online | urbeCOM","robots":{"index":"index","follow":"follow","max-snippet":"max-snippet:-1","max-image-preview":"max-image-preview:large","max-video-preview":"max-video-preview:-1"},"canonical":"https:\/\/www.urbecom.com\/blog\/las-ventas-online-crecen-un-20-en-san-valentin\/","og_locale":"es_ES","og_type":"article","og_title":"Las ventas online crecen un 20% en San Valent\u00edn - Blog de comercio electr\u00f3nico, Ecommerce y Marketing Online | urbeCOM","og_description":"Navidades, y rebajas de enero, dos fechas claves en el que el mundo del comercio electr\u00f3nico y las ventas por Internet \u201chacen su agosto\u201d. \u00bfY que ocurre con San Valent\u00edn?, no pod\u00eda ser menos. Y es que seg\u00fan los datos extra\u00eddos que acens ha elaborado, se concluye que las ventas online durante el periodo que [&hellip;]","og_url":"https:\/\/www.urbecom.com\/blog\/las-ventas-online-crecen-un-20-en-san-valentin\/","og_site_name":"Blog de comercio electr\u00f3nico, Ecommerce y Marketing Online | urbeCOM","article_publisher":"https:\/\/www.facebook.com\/urbecom","article_published_time":"2012-02-16T12:33:33+00:00","article_modified_time":"2012-02-16T18:27:25+00:00","og_image":[{"url":"http:\/\/www.urbecom.com\/blog\/wp-content\/uploads\/2012\/02\/AA-300x199.jpg"}],"twitter_card":"summary_large_image","twitter_creator":"@urbecom","twitter_site":"@urbecom","twitter_misc":{"Escrito por":"Redaccion","Tiempo de lectura":"2 minutos"},"schema":{"@context":"https:\/\/schema.org","@graph":[{"@type":"Organization","@id":"https:\/\/www.urbecom.com\/blog\/#organization","name":"UrbeCOM Ecomercio S.L.","url":"https:\/\/www.urbecom.com\/blog\/","sameAs":["https:\/\/es.pinterest.com\/Urbecom\/","https:\/\/www.youtube.com\/user\/urbecom","https:\/\/www.facebook.com\/urbecom","https:\/\/twitter.com\/urbecom"],"logo":{"@type":"ImageObject","inLanguage":"es","@id":"https:\/\/www.urbecom.com\/blog\/#\/schema\/logo\/image\/","url":"https:\/\/www.urbecom.com\/blog\/wp-content\/uploads\/2019\/05\/Imagotipo800.png","contentUrl":"https:\/\/www.urbecom.com\/blog\/wp-content\/uploads\/2019\/05\/Imagotipo800.png","width":800,"height":800,"caption":"UrbeCOM Ecomercio S.L."},"image":{"@id":"https:\/\/www.urbecom.com\/blog\/#\/schema\/logo\/image\/"}},{"@type":"WebSite","@id":"https:\/\/www.urbecom.com\/blog\/#website","url":"https:\/\/www.urbecom.com\/blog\/","name":"Blog de comercio electr\u00f3nico, Ecommerce y Marketing Online | urbeCOM","description":"Blog de urbeCOM donde encontrar\u00e1s informaci\u00f3n sobre el comercio electr\u00f3nico, c\u00f3mo crear una tienda online, c\u00f3mo vender en Internet y en Redes Sociales, Marketing online, etc.","publisher":{"@id":"https:\/\/www.urbecom.com\/blog\/#organization"},"potentialAction":[{"@type":"SearchAction","target":{"@type":"EntryPoint","urlTemplate":"https:\/\/www.urbecom.com\/blog\/?s={search_term_string}"},"query-input":"required name=search_term_string"}],"inLanguage":"es"},{"@type":"ImageObject","inLanguage":"es","@id":"https:\/\/www.urbecom.com\/blog\/las-ventas-online-crecen-un-20-en-san-valentin\/#primaryimage","url":"http:\/\/www.urbecom.com\/blog\/wp-content\/uploads\/2012\/02\/AA-300x199.jpg","contentUrl":"http:\/\/www.urbecom.com\/blog\/wp-content\/uploads\/2012\/02\/AA-300x199.jpg"},{"@type":"WebPage","@id":"https:\/\/www.urbecom.com\/blog\/las-ventas-online-crecen-un-20-en-san-valentin\/#webpage","url":"https:\/\/www.urbecom.com\/blog\/las-ventas-online-crecen-un-20-en-san-valentin\/","name":"Las ventas online crecen un 20% en San Valent\u00edn - Blog de comercio electr\u00f3nico, Ecommerce y Marketing Online | urbeCOM","isPartOf":{"@id":"https:\/\/www.urbecom.com\/blog\/#website"},"primaryImageOfPage":{"@id":"https:\/\/www.urbecom.com\/blog\/las-ventas-online-crecen-un-20-en-san-valentin\/#primaryimage"},"datePublished":"2012-02-16T12:33:33+00:00","dateModified":"2012-02-16T18:27:25+00:00","breadcrumb":{"@id":"https:\/\/www.urbecom.com\/blog\/las-ventas-online-crecen-un-20-en-san-valentin\/#breadcrumb"},"inLanguage":"es","potentialAction":[{"@type":"ReadAction","target":["https:\/\/www.urbecom.com\/blog\/las-ventas-online-crecen-un-20-en-san-valentin\/"]}]},{"@type":"BreadcrumbList","@id":"https:\/\/www.urbecom.com\/blog\/las-ventas-online-crecen-un-20-en-san-valentin\/#breadcrumb","itemListElement":[{"@type":"ListItem","position":1,"name":"Portada","item":"https:\/\/www.urbecom.com\/blog\/"},{"@type":"ListItem","position":2,"name":"Las ventas online crecen un 20% en San Valent\u00edn"}]},{"@type":"Article","@id":"https:\/\/www.urbecom.com\/blog\/las-ventas-online-crecen-un-20-en-san-valentin\/#article","isPartOf":{"@id":"https:\/\/www.urbecom.com\/blog\/las-ventas-online-crecen-un-20-en-san-valentin\/#webpage"},"author":{"@id":"https:\/\/www.urbecom.com\/blog\/#\/schema\/person\/d7c213dd82e482dbd40a897ada31a39b"},"headline":"Las ventas online crecen un 20% en San Valent\u00edn","datePublished":"2012-02-16T12:33:33+00:00","dateModified":"2012-02-16T18:27:25+00:00","mainEntityOfPage":{"@id":"https:\/\/www.urbecom.com\/blog\/las-ventas-online-crecen-un-20-en-san-valentin\/#webpage"},"wordCount":440,"commentCount":0,"publisher":{"@id":"https:\/\/www.urbecom.com\/blog\/#organization"},"image":{"@id":"https:\/\/www.urbecom.com\/blog\/las-ventas-online-crecen-un-20-en-san-valentin\/#primaryimage"},"thumbnailUrl":"http:\/\/www.urbecom.com\/blog\/wp-content\/uploads\/2012\/02\/AA-300x199.jpg","keywords":["Comercio Electr\u00f3nico","compra offline","crear tienda online","tienda online","ventas por internet"],"articleSection":["Comercio Electr\u00f3nico","noticias"],"inLanguage":"es","potentialAction":[{"@type":"CommentAction","name":"Comment","target":["https:\/\/www.urbecom.com\/blog\/las-ventas-online-crecen-un-20-en-san-valentin\/#respond"]}]},{"@type":"Person","@id":"https:\/\/www.urbecom.com\/blog\/#\/schema\/person\/d7c213dd82e482dbd40a897ada31a39b","name":"Redaccion","url":"https:\/\/www.urbecom.com\/blog\/author\/redaccion\/"}]}},"_links":{"self":[{"href":"https:\/\/www.urbecom.com\/blog\/wp-json\/wp\/v2\/posts\/2936"}],"collection":[{"href":"https:\/\/www.urbecom.com\/blog\/wp-json\/wp\/v2\/posts"}],"about":[{"href":"https:\/\/www.urbecom.com\/blog\/wp-json\/wp\/v2\/types\/post"}],"author":[{"embeddable":true,"href":"https:\/\/www.urbecom.com\/blog\/wp-json\/wp\/v2\/users\/4"}],"replies":[{"embeddable":true,"href":"https:\/\/www.urbecom.com\/blog\/wp-json\/wp\/v2\/comments?post=2936"}],"version-history":[{"count":8,"href":"https:\/\/www.urbecom.com\/blog\/wp-json\/wp\/v2\/posts\/2936\/revisions"}],"predecessor-version":[{"id":2946,"href":"https:\/\/www.urbecom.com\/blog\/wp-json\/wp\/v2\/posts\/2936\/revisions\/2946"}],"wp:attachment":[{"href":"https:\/\/www.urbecom.com\/blog\/wp-json\/wp\/v2\/media?parent=2936"}],"wp:term":[{"taxonomy":"category","embeddable":true,"href":"https:\/\/www.urbecom.com\/blog\/wp-json\/wp\/v2\/categories?post=2936"},{"taxonomy":"post_tag","embeddable":true,"href":"https:\/\/www.urbecom.com\/blog\/wp-json\/wp\/v2\/tags?post=2936"}],"curies":[{"name":"wp","href":"https:\/\/api.w.org\/{rel}","templated":true}]}}