{"id":484,"date":"2010-11-08T13:19:21","date_gmt":"2010-11-08T18:19:21","guid":{"rendered":"http:\/\/www.urbecom.com\/blog\/?p=484"},"modified":"2014-11-03T04:09:35","modified_gmt":"2014-11-03T09:09:35","slug":"secadores-en-secador-parlux","status":"publish","type":"post","link":"https:\/\/www.urbecom.com\/blog\/secadores-en-secador-parlux\/","title":{"rendered":"Secadores en Secador Parlux"},"content":{"rendered":"<p>Siempre hab\u00eda escuchado hablar muy bien de los secadores Parlux, que si cuidaban mucho el pelo sin estropearlo tanto como otros, que si no se encrespaba tanto el pelo, que si quedaba super brillante&#8230;<\/p>\n<p>El otro d\u00eda por casualidad pude probarlo, y de mi mano (que si te peina una peluquera no sabes si te queda bien por el secador o por lo bien que lo maneja ella), y me sorprendi\u00f3&#8230; Sobre todo en que el pelo me qued\u00f3 mucho m\u00e1s sedoso y brillante.<\/p>\n<p>Investigando un poco en la red acerca de la marca pude averiguar que Parlux, es uno de los fabricantes m\u00e1s prestigiosos de secadores que hay en la actualidad. La calidad de sus productos, junto con el mejor dise\u00f1o (incluso se puede adquirir un secador Parlux con incrustaciones Swarovski), ha posicionado a la marca como una de los l\u00edderes en secadores profesionales en Espa\u00f1a.<\/p>\n<p>Leyendo por distintos foros la opini\u00f3n de distintos usuarios una de las caracter\u00edsticas la cual ha sido el motivo principal de enamoramiento es su larga duraci\u00f3n. Quien ha probado un secador Parlux, lo entender\u00e1 perfectamente.<\/p>\n<p>No son muy baratos, los precios van desde 60 a 140\u20ac, pero son realmente buenos. La calidad hay que pagarla. Hay modelos m\u00e1s sencillos y otros m\u00e1s completos (i\u00f3nicos y cer\u00e1micos). \u00a0Cualquier modelo se puede adquirir por ejemplo en la p\u00e1gina secadorparlux.com. Esta p\u00e1gina fue dise\u00f1ada por Urbecom, tiene un dise\u00f1o muy moderno y original, a la vez, que es una p\u00e1gina de f\u00e1cil acceso a todas sus secciones, clara y sencilla. La p\u00e1gina tambi\u00e9n est\u00e1 muy bien posicionada en los buscadores y sale en las primeras posiciones. El contenido es muy bueno, explicando perfectamente todas las especificaciones t\u00e9cnicas de cada uno de los secadores, as\u00ed como de los distintos accesorios. As\u00ed mismo podemos encontrar todos los modelos de secadores Parlux, incluso el de incrustaciones de Swarovski. Existen muchos modelos diferenci\u00e1ndose unos de otros en potencia y caudal de aire. Todos los modelos que existen tienen bot\u00f3n de aire fr\u00edo a excepci\u00f3n de los modelos 1800, 2000 y 2600 que no disponen\u00a0 del citado bot\u00f3n. Luego nos encontramos con los modelos 3000, 3200 y 3500 que disponen de generador de iones, los cuales utilizan la tecnolog\u00eda de la electricidad est\u00e1tica y la combinan de la manera m\u00e1s inteligente para obtener los mayores beneficios cosm\u00e9ticos. Lo que hace especiales a estos secadores i\u00f3nicos es que cuentan en su interior con un dispositivo especial que tiene la facultad de emitir iones negativos durante su funcionamiento. Esta familia de secadores trabaja con este tipo de energ\u00eda, lo que significa que al generar iones negativos (\u00e1tomos que han ganado un electr\u00f3n y que, por ello, contienen un alto nivel de energ\u00eda) son capaces de convertir inmediatamente las mol\u00e9culas de agua del cabello h\u00famedo en micropart\u00edculas tan diminutas que consiguen atravesar la capa externa de aqu\u00e9l llegando hasta la cut\u00edcula, restaurando su humedad y haci\u00e9ndole ganar peso; es decir, los iones de signo negativo humectan la fibra capilar al tiempo que la secan. De este modo, el cabello queda suave, brillante y naturalmente hidratado al restaurar los iones negativos perdidos. Adem\u00e1s, la ionizaci\u00f3n negativa elimina el efecto electroest\u00e1tico (iones con carga positiva) y el estr\u00e9s sufrido por el cabello, reduciendo los tiempos de secado. Por si esto no fuera suficiente, la ionizaci\u00f3n negativa tiene un efecto bactericida y desodorante y reduce el ox\u00edgeno activo causante del envejecimiento de la fibra. Y por \u00faltimo debemos citar el nuevo secador Parlux 3800 Eco Friendly\u00a0 que mantiene la caracter\u00edstica principal de calidad Parlux de larga duraci\u00f3n que, acompa\u00f1ada de una mayor potencia, una forma y tama\u00f1o ideales, brindan una perfecta ergonom\u00eda de uso y un balance de peso equilibrado, lo que reduce el cansancio al utilizarlo. Adem\u00e1s, el innovador Parlux 3800 Eco Friendly est\u00e1 dise\u00f1ado para preservar el medio ambiente y el desarrollo sostenible. Por eso lleva la marca Eco Friendly Parlux Product, que significa:<\/p>\n<ul>\n<li>Uso de materias primas altamente reciclables: todos los componentes son totalmente regenerables, libres de elementos nocivos y pintados con pinturas at\u00f3xicas.<\/li>\n<li>Baja contaminaci\u00f3n ac\u00fastica: desarrollo del nuevo silenciador incorporado, que reduce notablemente el ruido percibido por el profesional y el cliente.<\/li>\n<li>Ahorro energ\u00e9tico: la atenci\u00f3n de Parlux a una mayor rapidez de secado permite ahorrar tiempo y energ\u00eda el\u00e9ctrica; esto implica un efecto positivo para el medio ambiente.<\/li>\n<li>Compatible con la capa de ozono: durante el secado, a cualquier velocidad y temperatura, no se producen emisiones nocivas.<\/li>\n<li>Uso de embalajes y documentaci\u00f3n ecol\u00f3gicos: todos se realizan e imprimen en papeles y cartones reciclados, 100% biodegradables.<\/li>\n<\/ul>\n<p>En la p\u00e1gina web secadorparlux.com tambi\u00e9n podemos encontrar bastante informaci\u00f3n de la empresa que vende los citados secadores, \u00a0se llama Planet Hair Store\u00a0 y seg\u00fan su p\u00e1gina pone a disposici\u00f3n de sus clientes todas las referencias de Parlux, estableciendo como m\u00e1xima la garant\u00eda que ofrece\u00a0 la originalidad del producto, un plazo m\u00e1ximo de entrega de 72 horas, y el mejor precio del mercado.<\/p>\n<p style=\"text-align: center;\"><img loading=\"lazy\" class=\"aligncenter size-medium wp-image-486\" title=\"secador\" alt=\"secador\" src=\"http:\/\/www.urbecom.com\/blog\/wp-content\/uploads\/2010\/11\/secador-300x250.jpg\" width=\"300\" height=\"250\" srcset=\"https:\/\/www.urbecom.com\/blog\/wp-content\/uploads\/2010\/11\/secador-300x250.jpg 300w, https:\/\/www.urbecom.com\/blog\/wp-content\/uploads\/2010\/11\/secador.jpg 632w\" sizes=\"(max-width: 300px) 100vw, 300px\" \/><\/p>\n<p>Seg\u00fan podemos leer en dicha p\u00e1gina web, PlanethairStore es una empresa innovadora, comprometida, joven, din\u00e1mica y experta en el sector de la peluquer\u00eda. Su responsabilidad social empresarial se traduce en una \u00e9tica hacia las personas y hacia el entorno, integrando en el desempe\u00f1o a personas discapacitadas y distribuyendo productos que respetan el medio ambiente, y que en su producci\u00f3n no han sido testados en animales.\u00bbDistribuyen el respeto y con respeto\u00bb<\/p>\n<p>El coraz\u00f3n t\u00e9cnico de la empresa est\u00e1 constituido por profesionales cualificados en materias de Gesti\u00f3n \/ Ventas \/ Marketing \/ Comunicaci\u00f3n de salones de peluquer\u00eda. Pertenecen a la generaci\u00f3n de los nuevos competidores \u00abLuchan activamente por la calidad perfecta, la tecnolog\u00eda de vanguardia, la distribuci\u00f3n justo a tiempo y el servicio competitivo en costo\u00bb. La Misi\u00f3n de PlanethairStore es la Distribuci\u00f3n Just in time; El camino hacia la excelencia. Distribuir y proveer a los clientes productos de m\u00e1xima calidad a costes razonables y con la m\u00e1xima rapidez. En su Visi\u00f3n de empresa, se apuesta por una estrategia de crecimiento online, aprovechando el desarrollo tecnol\u00f3gico para distribuir, pero estando alineados con las preocupaciones sociales, laborales, medioambientales y con el respeto a los derechos humanos.<\/p>\n<p>Resumiendo,\u00a0 podr\u00edamos decir que sobresaliente para este producto. Esperemos que los pr\u00f3ximos modelos sigan la misma l\u00ednea.<\/p>\n<p>Hasta la pr\u00f3xima.<\/p>\n","protected":false},"excerpt":{"rendered":"<p>Siempre hab\u00eda escuchado hablar muy bien de los secadores Parlux, que si cuidaban mucho el pelo sin estropearlo tanto como otros, que si no se encrespaba tanto el pelo, que si quedaba super brillante&#8230; El otro d\u00eda por casualidad pude probarlo, y de mi mano (que si te peina una peluquera no sabes si te [&hellip;]<\/p>\n","protected":false},"author":1,"featured_media":0,"comment_status":"open","ping_status":"open","sticky":false,"template":"","format":"standard","meta":[],"categories":[17,13],"tags":[8,139,138,137,35,140],"yoast_head":"<!-- This site is optimized with the Yoast SEO plugin v18.9 - https:\/\/yoast.com\/wordpress\/plugins\/seo\/ -->\n<title>Secadores en Secador Parlux - Blog de comercio electr\u00f3nico, Ecommerce y Marketing Online | urbeCOM<\/title>\n<meta name=\"robots\" content=\"index, follow, max-snippet:-1, max-image-preview:large, max-video-preview:-1\" \/>\n<link rel=\"canonical\" href=\"https:\/\/www.urbecom.com\/blog\/secadores-en-secador-parlux\/\" \/>\n<meta property=\"og:locale\" content=\"es_ES\" \/>\n<meta property=\"og:type\" content=\"article\" \/>\n<meta property=\"og:title\" content=\"Secadores en Secador Parlux - Blog de comercio electr\u00f3nico, Ecommerce y Marketing Online | urbeCOM\" \/>\n<meta property=\"og:description\" content=\"Siempre hab\u00eda escuchado hablar muy bien de los secadores Parlux, que si cuidaban mucho el pelo sin estropearlo tanto como otros, que si no se encrespaba tanto el pelo, que si quedaba super brillante&#8230; El otro d\u00eda por casualidad pude probarlo, y de mi mano (que si te peina una peluquera no sabes si te [&hellip;]\" \/>\n<meta property=\"og:url\" content=\"https:\/\/www.urbecom.com\/blog\/secadores-en-secador-parlux\/\" \/>\n<meta property=\"og:site_name\" content=\"Blog de comercio electr\u00f3nico, Ecommerce y Marketing Online | urbeCOM\" \/>\n<meta property=\"article:publisher\" content=\"https:\/\/www.facebook.com\/urbecom\" \/>\n<meta property=\"article:published_time\" content=\"2010-11-08T18:19:21+00:00\" \/>\n<meta property=\"article:modified_time\" content=\"2014-11-03T09:09:35+00:00\" \/>\n<meta property=\"og:image\" content=\"http:\/\/www.urbecom.com\/blog\/wp-content\/uploads\/2010\/11\/secador-300x250.jpg\" \/>\n<meta name=\"twitter:card\" content=\"summary_large_image\" \/>\n<meta name=\"twitter:creator\" content=\"@urbecom\" \/>\n<meta name=\"twitter:site\" content=\"@urbecom\" \/>\n<meta name=\"twitter:label1\" content=\"Escrito por\" \/>\n\t<meta name=\"twitter:data1\" content=\"urbeCOM Ecomercio\" \/>\n\t<meta name=\"twitter:label2\" content=\"Tiempo de lectura\" \/>\n\t<meta name=\"twitter:data2\" content=\"6 minutos\" \/>\n<script type=\"application\/ld+json\" class=\"yoast-schema-graph\">{\"@context\":\"https:\/\/schema.org\",\"@graph\":[{\"@type\":\"Organization\",\"@id\":\"https:\/\/www.urbecom.com\/blog\/#organization\",\"name\":\"UrbeCOM Ecomercio S.L.\",\"url\":\"https:\/\/www.urbecom.com\/blog\/\",\"sameAs\":[\"https:\/\/es.pinterest.com\/Urbecom\/\",\"https:\/\/www.youtube.com\/user\/urbecom\",\"https:\/\/www.facebook.com\/urbecom\",\"https:\/\/twitter.com\/urbecom\"],\"logo\":{\"@type\":\"ImageObject\",\"inLanguage\":\"es\",\"@id\":\"https:\/\/www.urbecom.com\/blog\/#\/schema\/logo\/image\/\",\"url\":\"https:\/\/www.urbecom.com\/blog\/wp-content\/uploads\/2019\/05\/Imagotipo800.png\",\"contentUrl\":\"https:\/\/www.urbecom.com\/blog\/wp-content\/uploads\/2019\/05\/Imagotipo800.png\",\"width\":800,\"height\":800,\"caption\":\"UrbeCOM Ecomercio S.L.\"},\"image\":{\"@id\":\"https:\/\/www.urbecom.com\/blog\/#\/schema\/logo\/image\/\"}},{\"@type\":\"WebSite\",\"@id\":\"https:\/\/www.urbecom.com\/blog\/#website\",\"url\":\"https:\/\/www.urbecom.com\/blog\/\",\"name\":\"Blog de comercio electr\u00f3nico, Ecommerce y Marketing Online | urbeCOM\",\"description\":\"Blog de urbeCOM donde encontrar\u00e1s informaci\u00f3n sobre el comercio electr\u00f3nico, c\u00f3mo crear una tienda online, c\u00f3mo vender en Internet y en Redes Sociales, Marketing online, etc.\",\"publisher\":{\"@id\":\"https:\/\/www.urbecom.com\/blog\/#organization\"},\"potentialAction\":[{\"@type\":\"SearchAction\",\"target\":{\"@type\":\"EntryPoint\",\"urlTemplate\":\"https:\/\/www.urbecom.com\/blog\/?s={search_term_string}\"},\"query-input\":\"required name=search_term_string\"}],\"inLanguage\":\"es\"},{\"@type\":\"ImageObject\",\"inLanguage\":\"es\",\"@id\":\"https:\/\/www.urbecom.com\/blog\/secadores-en-secador-parlux\/#primaryimage\",\"url\":\"http:\/\/www.urbecom.com\/blog\/wp-content\/uploads\/2010\/11\/secador-300x250.jpg\",\"contentUrl\":\"http:\/\/www.urbecom.com\/blog\/wp-content\/uploads\/2010\/11\/secador-300x250.jpg\"},{\"@type\":\"WebPage\",\"@id\":\"https:\/\/www.urbecom.com\/blog\/secadores-en-secador-parlux\/#webpage\",\"url\":\"https:\/\/www.urbecom.com\/blog\/secadores-en-secador-parlux\/\",\"name\":\"Secadores en Secador Parlux - Blog de comercio electr\u00f3nico, Ecommerce y Marketing Online | urbeCOM\",\"isPartOf\":{\"@id\":\"https:\/\/www.urbecom.com\/blog\/#website\"},\"primaryImageOfPage\":{\"@id\":\"https:\/\/www.urbecom.com\/blog\/secadores-en-secador-parlux\/#primaryimage\"},\"datePublished\":\"2010-11-08T18:19:21+00:00\",\"dateModified\":\"2014-11-03T09:09:35+00:00\",\"breadcrumb\":{\"@id\":\"https:\/\/www.urbecom.com\/blog\/secadores-en-secador-parlux\/#breadcrumb\"},\"inLanguage\":\"es\",\"potentialAction\":[{\"@type\":\"ReadAction\",\"target\":[\"https:\/\/www.urbecom.com\/blog\/secadores-en-secador-parlux\/\"]}]},{\"@type\":\"BreadcrumbList\",\"@id\":\"https:\/\/www.urbecom.com\/blog\/secadores-en-secador-parlux\/#breadcrumb\",\"itemListElement\":[{\"@type\":\"ListItem\",\"position\":1,\"name\":\"Portada\",\"item\":\"https:\/\/www.urbecom.com\/blog\/\"},{\"@type\":\"ListItem\",\"position\":2,\"name\":\"Secadores en Secador Parlux\"}]},{\"@type\":\"Article\",\"@id\":\"https:\/\/www.urbecom.com\/blog\/secadores-en-secador-parlux\/#article\",\"isPartOf\":{\"@id\":\"https:\/\/www.urbecom.com\/blog\/secadores-en-secador-parlux\/#webpage\"},\"author\":{\"@id\":\"https:\/\/www.urbecom.com\/blog\/#\/schema\/person\/f8b565551357d8913520396dd1e717de\"},\"headline\":\"Secadores en Secador Parlux\",\"datePublished\":\"2010-11-08T18:19:21+00:00\",\"dateModified\":\"2014-11-03T09:09:35+00:00\",\"mainEntityOfPage\":{\"@id\":\"https:\/\/www.urbecom.com\/blog\/secadores-en-secador-parlux\/#webpage\"},\"wordCount\":1119,\"commentCount\":0,\"publisher\":{\"@id\":\"https:\/\/www.urbecom.com\/blog\/#organization\"},\"image\":{\"@id\":\"https:\/\/www.urbecom.com\/blog\/secadores-en-secador-parlux\/#primaryimage\"},\"thumbnailUrl\":\"http:\/\/www.urbecom.com\/blog\/wp-content\/uploads\/2010\/11\/secador-300x250.jpg\",\"keywords\":[\"comercio\",\"parlux\",\"secadores\",\"secadorparlux.com\",\"tiendas online\",\"ventas internet\"],\"articleSection\":[\"Comercio Electr\u00f3nico\",\"tiendas de urbeCOM\"],\"inLanguage\":\"es\",\"potentialAction\":[{\"@type\":\"CommentAction\",\"name\":\"Comment\",\"target\":[\"https:\/\/www.urbecom.com\/blog\/secadores-en-secador-parlux\/#respond\"]}]},{\"@type\":\"Person\",\"@id\":\"https:\/\/www.urbecom.com\/blog\/#\/schema\/person\/f8b565551357d8913520396dd1e717de\",\"name\":\"urbeCOM Ecomercio\",\"sameAs\":[\"https:\/\/plus.google.com\/+Urbecomsl\/posts\"],\"url\":\"https:\/\/www.urbecom.com\/blog\/author\/admin\/\"}]}<\/script>\n<!-- \/ Yoast SEO plugin. -->","yoast_head_json":{"title":"Secadores en Secador Parlux - Blog de comercio electr\u00f3nico, Ecommerce y Marketing Online | urbeCOM","robots":{"index":"index","follow":"follow","max-snippet":"max-snippet:-1","max-image-preview":"max-image-preview:large","max-video-preview":"max-video-preview:-1"},"canonical":"https:\/\/www.urbecom.com\/blog\/secadores-en-secador-parlux\/","og_locale":"es_ES","og_type":"article","og_title":"Secadores en Secador Parlux - Blog de comercio electr\u00f3nico, Ecommerce y Marketing Online | urbeCOM","og_description":"Siempre hab\u00eda escuchado hablar muy bien de los secadores Parlux, que si cuidaban mucho el pelo sin estropearlo tanto como otros, que si no se encrespaba tanto el pelo, que si quedaba super brillante&#8230; El otro d\u00eda por casualidad pude probarlo, y de mi mano (que si te peina una peluquera no sabes si te [&hellip;]","og_url":"https:\/\/www.urbecom.com\/blog\/secadores-en-secador-parlux\/","og_site_name":"Blog de comercio electr\u00f3nico, Ecommerce y Marketing Online | urbeCOM","article_publisher":"https:\/\/www.facebook.com\/urbecom","article_published_time":"2010-11-08T18:19:21+00:00","article_modified_time":"2014-11-03T09:09:35+00:00","og_image":[{"url":"http:\/\/www.urbecom.com\/blog\/wp-content\/uploads\/2010\/11\/secador-300x250.jpg"}],"twitter_card":"summary_large_image","twitter_creator":"@urbecom","twitter_site":"@urbecom","twitter_misc":{"Escrito por":"urbeCOM Ecomercio","Tiempo de lectura":"6 minutos"},"schema":{"@context":"https:\/\/schema.org","@graph":[{"@type":"Organization","@id":"https:\/\/www.urbecom.com\/blog\/#organization","name":"UrbeCOM Ecomercio S.L.","url":"https:\/\/www.urbecom.com\/blog\/","sameAs":["https:\/\/es.pinterest.com\/Urbecom\/","https:\/\/www.youtube.com\/user\/urbecom","https:\/\/www.facebook.com\/urbecom","https:\/\/twitter.com\/urbecom"],"logo":{"@type":"ImageObject","inLanguage":"es","@id":"https:\/\/www.urbecom.com\/blog\/#\/schema\/logo\/image\/","url":"https:\/\/www.urbecom.com\/blog\/wp-content\/uploads\/2019\/05\/Imagotipo800.png","contentUrl":"https:\/\/www.urbecom.com\/blog\/wp-content\/uploads\/2019\/05\/Imagotipo800.png","width":800,"height":800,"caption":"UrbeCOM Ecomercio S.L."},"image":{"@id":"https:\/\/www.urbecom.com\/blog\/#\/schema\/logo\/image\/"}},{"@type":"WebSite","@id":"https:\/\/www.urbecom.com\/blog\/#website","url":"https:\/\/www.urbecom.com\/blog\/","name":"Blog de comercio electr\u00f3nico, Ecommerce y Marketing Online | urbeCOM","description":"Blog de urbeCOM donde encontrar\u00e1s informaci\u00f3n sobre el comercio electr\u00f3nico, c\u00f3mo crear una tienda online, c\u00f3mo vender en Internet y en Redes Sociales, Marketing online, etc.","publisher":{"@id":"https:\/\/www.urbecom.com\/blog\/#organization"},"potentialAction":[{"@type":"SearchAction","target":{"@type":"EntryPoint","urlTemplate":"https:\/\/www.urbecom.com\/blog\/?s={search_term_string}"},"query-input":"required name=search_term_string"}],"inLanguage":"es"},{"@type":"ImageObject","inLanguage":"es","@id":"https:\/\/www.urbecom.com\/blog\/secadores-en-secador-parlux\/#primaryimage","url":"http:\/\/www.urbecom.com\/blog\/wp-content\/uploads\/2010\/11\/secador-300x250.jpg","contentUrl":"http:\/\/www.urbecom.com\/blog\/wp-content\/uploads\/2010\/11\/secador-300x250.jpg"},{"@type":"WebPage","@id":"https:\/\/www.urbecom.com\/blog\/secadores-en-secador-parlux\/#webpage","url":"https:\/\/www.urbecom.com\/blog\/secadores-en-secador-parlux\/","name":"Secadores en Secador Parlux - Blog de comercio electr\u00f3nico, Ecommerce y Marketing Online | urbeCOM","isPartOf":{"@id":"https:\/\/www.urbecom.com\/blog\/#website"},"primaryImageOfPage":{"@id":"https:\/\/www.urbecom.com\/blog\/secadores-en-secador-parlux\/#primaryimage"},"datePublished":"2010-11-08T18:19:21+00:00","dateModified":"2014-11-03T09:09:35+00:00","breadcrumb":{"@id":"https:\/\/www.urbecom.com\/blog\/secadores-en-secador-parlux\/#breadcrumb"},"inLanguage":"es","potentialAction":[{"@type":"ReadAction","target":["https:\/\/www.urbecom.com\/blog\/secadores-en-secador-parlux\/"]}]},{"@type":"BreadcrumbList","@id":"https:\/\/www.urbecom.com\/blog\/secadores-en-secador-parlux\/#breadcrumb","itemListElement":[{"@type":"ListItem","position":1,"name":"Portada","item":"https:\/\/www.urbecom.com\/blog\/"},{"@type":"ListItem","position":2,"name":"Secadores en Secador Parlux"}]},{"@type":"Article","@id":"https:\/\/www.urbecom.com\/blog\/secadores-en-secador-parlux\/#article","isPartOf":{"@id":"https:\/\/www.urbecom.com\/blog\/secadores-en-secador-parlux\/#webpage"},"author":{"@id":"https:\/\/www.urbecom.com\/blog\/#\/schema\/person\/f8b565551357d8913520396dd1e717de"},"headline":"Secadores en Secador Parlux","datePublished":"2010-11-08T18:19:21+00:00","dateModified":"2014-11-03T09:09:35+00:00","mainEntityOfPage":{"@id":"https:\/\/www.urbecom.com\/blog\/secadores-en-secador-parlux\/#webpage"},"wordCount":1119,"commentCount":0,"publisher":{"@id":"https:\/\/www.urbecom.com\/blog\/#organization"},"image":{"@id":"https:\/\/www.urbecom.com\/blog\/secadores-en-secador-parlux\/#primaryimage"},"thumbnailUrl":"http:\/\/www.urbecom.com\/blog\/wp-content\/uploads\/2010\/11\/secador-300x250.jpg","keywords":["comercio","parlux","secadores","secadorparlux.com","tiendas online","ventas internet"],"articleSection":["Comercio Electr\u00f3nico","tiendas de urbeCOM"],"inLanguage":"es","potentialAction":[{"@type":"CommentAction","name":"Comment","target":["https:\/\/www.urbecom.com\/blog\/secadores-en-secador-parlux\/#respond"]}]},{"@type":"Person","@id":"https:\/\/www.urbecom.com\/blog\/#\/schema\/person\/f8b565551357d8913520396dd1e717de","name":"urbeCOM Ecomercio","sameAs":["https:\/\/plus.google.com\/+Urbecomsl\/posts"],"url":"https:\/\/www.urbecom.com\/blog\/author\/admin\/"}]}},"_links":{"self":[{"href":"https:\/\/www.urbecom.com\/blog\/wp-json\/wp\/v2\/posts\/484"}],"collection":[{"href":"https:\/\/www.urbecom.com\/blog\/wp-json\/wp\/v2\/posts"}],"about":[{"href":"https:\/\/www.urbecom.com\/blog\/wp-json\/wp\/v2\/types\/post"}],"author":[{"embeddable":true,"href":"https:\/\/www.urbecom.com\/blog\/wp-json\/wp\/v2\/users\/1"}],"replies":[{"embeddable":true,"href":"https:\/\/www.urbecom.com\/blog\/wp-json\/wp\/v2\/comments?post=484"}],"version-history":[{"count":6,"href":"https:\/\/www.urbecom.com\/blog\/wp-json\/wp\/v2\/posts\/484\/revisions"}],"predecessor-version":[{"id":7016,"href":"https:\/\/www.urbecom.com\/blog\/wp-json\/wp\/v2\/posts\/484\/revisions\/7016"}],"wp:attachment":[{"href":"https:\/\/www.urbecom.com\/blog\/wp-json\/wp\/v2\/media?parent=484"}],"wp:term":[{"taxonomy":"category","embeddable":true,"href":"https:\/\/www.urbecom.com\/blog\/wp-json\/wp\/v2\/categories?post=484"},{"taxonomy":"post_tag","embeddable":true,"href":"https:\/\/www.urbecom.com\/blog\/wp-json\/wp\/v2\/tags?post=484"}],"curies":[{"name":"wp","href":"https:\/\/api.w.org\/{rel}","templated":true}]}}