{"id":5445,"date":"2013-06-05T10:02:35","date_gmt":"2013-06-05T15:02:35","guid":{"rendered":"http:\/\/www.urbecom.com\/blog\/?p=5445"},"modified":"2013-06-04T17:16:39","modified_gmt":"2013-06-04T22:16:39","slug":"los-puestos-mas-demandados-este-ano-estan-relacionados-con-ocommerce-o-nuevas-tecnologias","status":"publish","type":"post","link":"https:\/\/www.urbecom.com\/blog\/los-puestos-mas-demandados-este-ano-estan-relacionados-con-ocommerce-o-nuevas-tecnologias\/","title":{"rendered":"Los puestos m\u00e1s demandados este a\u00f1o est\u00e1n relacionados con ocommerce o nuevas tecnolog\u00edas"},"content":{"rendered":"<p><a href=\"http:\/\/www.urbecom.com\/blog\/wp-content\/uploads\/2013\/06\/ecommerce.jpg\"><img loading=\"lazy\" class=\"aligncenter size-full wp-image-5446\" title=\"ecommerce\" src=\"http:\/\/www.urbecom.com\/blog\/wp-content\/uploads\/2013\/06\/ecommerce.jpg\" alt=\"\" width=\"300\" height=\"300\" srcset=\"https:\/\/www.urbecom.com\/blog\/wp-content\/uploads\/2013\/06\/ecommerce.jpg 300w, https:\/\/www.urbecom.com\/blog\/wp-content\/uploads\/2013\/06\/ecommerce-150x150.jpg 150w\" sizes=\"(max-width: 300px) 100vw, 300px\" \/><\/a><\/p>\n<p>La <em>Gu\u00eda de las posiciones m\u00e1s demandadas del 2013<\/em> de Page Personnel analiza los puestos que m\u00e1s buscan las empresas, los perfiles profesionales m\u00e1s demandados en momentos de mala situaci\u00f3n econ\u00f3mica. Que cada vez m\u00e1s personas o empresas tengan una tienda online o se acerquen a las nuevas tecnolog\u00edas est\u00e1 creando nuevos puestos.<\/p>\n<p>Destaca una mayor demanda de perfiles de<strong> contabilidad y exportaci\u00f3n<\/strong>, aunque donde m\u00e1s se ha creado nuevos perfiles especializados es en las <strong>\u00e1reas de tecnolog\u00eda y ecommerce<\/strong>. Se han creado los perfiles de desarrollador m\u00f3vil, sem specialit, scrum master, web analyst y muchos m\u00e1s.<\/p>\n<p>Una de las figuras m\u00e1s importantes para los que tienen una tienda online o un negocio en Internet es la de<strong> sem specialist,<\/strong> sobre todo debido a que tiene un r\u00e1pido retorno de inversi\u00f3n y ofrece leads cualificados. Tiene buen resultado. Contratar a una persona para estas funciones es muy productivo, y por ello es un perfil demandado, pero tiene una remuneraci\u00f3n de 25000 a 30000 euros al a\u00f1o, algo que no todos pueden permitirse.<\/p>\n<p>Adem\u00e1s de esto, es necesario conocer el comportamiento de los consumidores, para ello contratan a web analyst, un retorno de inversi\u00f3n m\u00e1s r\u00e1pido en publicidad que se cubre con el real time bidding, o una persona que cree aplicaciones para dispositivos m\u00f3viles y tablets, dispositivos que est\u00e1n experimentando un gran crecimiento en los \u00faltimos a\u00f1os. Estos son algunos de los perfiles m\u00e1s demandados, pero no los \u00fanicos. El comercio electr\u00f3nico est\u00e1 creando muchos puestos.<\/p>\n<p>Hace pocos meses, un informe indicaba que los puestos que m\u00e1s se demandaban en las empresas de Espa\u00f1a eran los relacionados con las nuevas tecnolog\u00edas, sobre todo por el ecommerce, y las ventas.<\/p>\n<p>Algo que s\u00ed se solicita en muchos casos es el <strong>conocimiento de idiomas<\/strong>, y por ello las personas que est\u00e9n buscando trabajo no s\u00f3lo tienen que conformarse con especializarse, tambi\u00e9n deben hacer por tener el conocimiento de un idioma. Tambi\u00e9n para los que tienen una tienda online saber idiomas ofrece nuevas expectativas de crecimiento.<\/p>\n<p>Se espera que el crecimiento del ecommerce ser\u00e1 mayor en los pr\u00f3ximos a\u00f1os, esperando que crezca un 50% al llegar al a\u00f1o 2016, por lo que es importante adaptarse ahora y crecer antes que otros se incorporen en este mercado de tanto futuro. Empezar antes es ganar ventaja, Si tienes una tienda online, busca la mejor forma de sacar el m\u00e1ximo provecho de ella, y hazlo ya. \u00a1Otros ya lo est\u00e1n haciendo!<\/p>\n<p>&nbsp;<\/p>\n","protected":false},"excerpt":{"rendered":"<p>La Gu\u00eda de las posiciones m\u00e1s demandadas del 2013 de Page Personnel analiza los puestos que m\u00e1s buscan las empresas, los perfiles profesionales m\u00e1s demandados en momentos de mala situaci\u00f3n econ\u00f3mica. Que cada vez m\u00e1s personas o empresas tengan una tienda online o se acerquen a las nuevas tecnolog\u00edas est\u00e1 creando nuevos puestos. Destaca una [&hellip;]<\/p>\n","protected":false},"author":4,"featured_media":0,"comment_status":"open","ping_status":"open","sticky":false,"template":"","format":"standard","meta":[],"categories":[17],"tags":[10],"yoast_head":"<!-- This site is optimized with the Yoast SEO plugin v18.9 - https:\/\/yoast.com\/wordpress\/plugins\/seo\/ -->\n<title>Puestos mas demandados 2013<\/title>\n<meta name=\"description\" content=\"Los puestos m\u00e1s demandados este a\u00f1o est\u00e1n relacionados con ocommerce o nuevas tecnolog\u00edas\" \/>\n<meta name=\"robots\" content=\"index, follow, max-snippet:-1, max-image-preview:large, max-video-preview:-1\" \/>\n<link rel=\"canonical\" href=\"https:\/\/www.urbecom.com\/blog\/los-puestos-mas-demandados-este-ano-estan-relacionados-con-ocommerce-o-nuevas-tecnologias\/\" \/>\n<meta property=\"og:locale\" content=\"es_ES\" \/>\n<meta property=\"og:type\" content=\"article\" \/>\n<meta property=\"og:title\" content=\"Puestos mas demandados 2013\" \/>\n<meta property=\"og:description\" content=\"Los puestos m\u00e1s demandados este a\u00f1o est\u00e1n relacionados con ocommerce o nuevas tecnolog\u00edas\" \/>\n<meta property=\"og:url\" content=\"https:\/\/www.urbecom.com\/blog\/los-puestos-mas-demandados-este-ano-estan-relacionados-con-ocommerce-o-nuevas-tecnologias\/\" \/>\n<meta property=\"og:site_name\" content=\"Blog de comercio electr\u00f3nico, Ecommerce y Marketing Online | urbeCOM\" \/>\n<meta property=\"article:publisher\" content=\"https:\/\/www.facebook.com\/urbecom\" \/>\n<meta property=\"article:published_time\" content=\"2013-06-05T15:02:35+00:00\" \/>\n<meta property=\"article:modified_time\" content=\"2013-06-04T22:16:39+00:00\" \/>\n<meta property=\"og:image\" content=\"http:\/\/www.urbecom.com\/blog\/wp-content\/uploads\/2013\/06\/ecommerce.jpg\" \/>\n<meta name=\"twitter:card\" content=\"summary_large_image\" \/>\n<meta name=\"twitter:creator\" content=\"@urbecom\" \/>\n<meta name=\"twitter:site\" content=\"@urbecom\" \/>\n<meta name=\"twitter:label1\" content=\"Escrito por\" \/>\n\t<meta name=\"twitter:data1\" content=\"Redaccion\" \/>\n\t<meta name=\"twitter:label2\" content=\"Tiempo de lectura\" \/>\n\t<meta name=\"twitter:data2\" content=\"2 minutos\" \/>\n<script type=\"application\/ld+json\" class=\"yoast-schema-graph\">{\"@context\":\"https:\/\/schema.org\",\"@graph\":[{\"@type\":\"Organization\",\"@id\":\"https:\/\/www.urbecom.com\/blog\/#organization\",\"name\":\"UrbeCOM Ecomercio S.L.\",\"url\":\"https:\/\/www.urbecom.com\/blog\/\",\"sameAs\":[\"https:\/\/es.pinterest.com\/Urbecom\/\",\"https:\/\/www.youtube.com\/user\/urbecom\",\"https:\/\/www.facebook.com\/urbecom\",\"https:\/\/twitter.com\/urbecom\"],\"logo\":{\"@type\":\"ImageObject\",\"inLanguage\":\"es\",\"@id\":\"https:\/\/www.urbecom.com\/blog\/#\/schema\/logo\/image\/\",\"url\":\"https:\/\/www.urbecom.com\/blog\/wp-content\/uploads\/2019\/05\/Imagotipo800.png\",\"contentUrl\":\"https:\/\/www.urbecom.com\/blog\/wp-content\/uploads\/2019\/05\/Imagotipo800.png\",\"width\":800,\"height\":800,\"caption\":\"UrbeCOM Ecomercio S.L.\"},\"image\":{\"@id\":\"https:\/\/www.urbecom.com\/blog\/#\/schema\/logo\/image\/\"}},{\"@type\":\"WebSite\",\"@id\":\"https:\/\/www.urbecom.com\/blog\/#website\",\"url\":\"https:\/\/www.urbecom.com\/blog\/\",\"name\":\"Blog de comercio electr\u00f3nico, Ecommerce y Marketing Online | urbeCOM\",\"description\":\"Blog de urbeCOM donde encontrar\u00e1s informaci\u00f3n sobre el comercio electr\u00f3nico, c\u00f3mo crear una tienda online, c\u00f3mo vender en Internet y en Redes Sociales, Marketing online, etc.\",\"publisher\":{\"@id\":\"https:\/\/www.urbecom.com\/blog\/#organization\"},\"potentialAction\":[{\"@type\":\"SearchAction\",\"target\":{\"@type\":\"EntryPoint\",\"urlTemplate\":\"https:\/\/www.urbecom.com\/blog\/?s={search_term_string}\"},\"query-input\":\"required name=search_term_string\"}],\"inLanguage\":\"es\"},{\"@type\":\"ImageObject\",\"inLanguage\":\"es\",\"@id\":\"https:\/\/www.urbecom.com\/blog\/los-puestos-mas-demandados-este-ano-estan-relacionados-con-ocommerce-o-nuevas-tecnologias\/#primaryimage\",\"url\":\"http:\/\/www.urbecom.com\/blog\/wp-content\/uploads\/2013\/06\/ecommerce.jpg\",\"contentUrl\":\"http:\/\/www.urbecom.com\/blog\/wp-content\/uploads\/2013\/06\/ecommerce.jpg\"},{\"@type\":\"WebPage\",\"@id\":\"https:\/\/www.urbecom.com\/blog\/los-puestos-mas-demandados-este-ano-estan-relacionados-con-ocommerce-o-nuevas-tecnologias\/#webpage\",\"url\":\"https:\/\/www.urbecom.com\/blog\/los-puestos-mas-demandados-este-ano-estan-relacionados-con-ocommerce-o-nuevas-tecnologias\/\",\"name\":\"Puestos mas demandados 2013\",\"isPartOf\":{\"@id\":\"https:\/\/www.urbecom.com\/blog\/#website\"},\"primaryImageOfPage\":{\"@id\":\"https:\/\/www.urbecom.com\/blog\/los-puestos-mas-demandados-este-ano-estan-relacionados-con-ocommerce-o-nuevas-tecnologias\/#primaryimage\"},\"datePublished\":\"2013-06-05T15:02:35+00:00\",\"dateModified\":\"2013-06-04T22:16:39+00:00\",\"description\":\"Los puestos m\u00e1s demandados este a\u00f1o est\u00e1n relacionados con ocommerce o nuevas tecnolog\u00edas\",\"breadcrumb\":{\"@id\":\"https:\/\/www.urbecom.com\/blog\/los-puestos-mas-demandados-este-ano-estan-relacionados-con-ocommerce-o-nuevas-tecnologias\/#breadcrumb\"},\"inLanguage\":\"es\",\"potentialAction\":[{\"@type\":\"ReadAction\",\"target\":[\"https:\/\/www.urbecom.com\/blog\/los-puestos-mas-demandados-este-ano-estan-relacionados-con-ocommerce-o-nuevas-tecnologias\/\"]}]},{\"@type\":\"BreadcrumbList\",\"@id\":\"https:\/\/www.urbecom.com\/blog\/los-puestos-mas-demandados-este-ano-estan-relacionados-con-ocommerce-o-nuevas-tecnologias\/#breadcrumb\",\"itemListElement\":[{\"@type\":\"ListItem\",\"position\":1,\"name\":\"Portada\",\"item\":\"https:\/\/www.urbecom.com\/blog\/\"},{\"@type\":\"ListItem\",\"position\":2,\"name\":\"Los puestos m\u00e1s demandados este a\u00f1o est\u00e1n relacionados con ocommerce o nuevas tecnolog\u00edas\"}]},{\"@type\":\"Article\",\"@id\":\"https:\/\/www.urbecom.com\/blog\/los-puestos-mas-demandados-este-ano-estan-relacionados-con-ocommerce-o-nuevas-tecnologias\/#article\",\"isPartOf\":{\"@id\":\"https:\/\/www.urbecom.com\/blog\/los-puestos-mas-demandados-este-ano-estan-relacionados-con-ocommerce-o-nuevas-tecnologias\/#webpage\"},\"author\":{\"@id\":\"https:\/\/www.urbecom.com\/blog\/#\/schema\/person\/d7c213dd82e482dbd40a897ada31a39b\"},\"headline\":\"Los puestos m\u00e1s demandados este a\u00f1o est\u00e1n relacionados con ocommerce o nuevas tecnolog\u00edas\",\"datePublished\":\"2013-06-05T15:02:35+00:00\",\"dateModified\":\"2013-06-04T22:16:39+00:00\",\"mainEntityOfPage\":{\"@id\":\"https:\/\/www.urbecom.com\/blog\/los-puestos-mas-demandados-este-ano-estan-relacionados-con-ocommerce-o-nuevas-tecnologias\/#webpage\"},\"wordCount\":457,\"commentCount\":0,\"publisher\":{\"@id\":\"https:\/\/www.urbecom.com\/blog\/#organization\"},\"image\":{\"@id\":\"https:\/\/www.urbecom.com\/blog\/los-puestos-mas-demandados-este-ano-estan-relacionados-con-ocommerce-o-nuevas-tecnologias\/#primaryimage\"},\"thumbnailUrl\":\"http:\/\/www.urbecom.com\/blog\/wp-content\/uploads\/2013\/06\/ecommerce.jpg\",\"keywords\":[\"ecommerce\"],\"articleSection\":[\"Comercio Electr\u00f3nico\"],\"inLanguage\":\"es\",\"potentialAction\":[{\"@type\":\"CommentAction\",\"name\":\"Comment\",\"target\":[\"https:\/\/www.urbecom.com\/blog\/los-puestos-mas-demandados-este-ano-estan-relacionados-con-ocommerce-o-nuevas-tecnologias\/#respond\"]}]},{\"@type\":\"Person\",\"@id\":\"https:\/\/www.urbecom.com\/blog\/#\/schema\/person\/d7c213dd82e482dbd40a897ada31a39b\",\"name\":\"Redaccion\",\"url\":\"https:\/\/www.urbecom.com\/blog\/author\/redaccion\/\"}]}<\/script>\n<!-- \/ Yoast SEO plugin. -->","yoast_head_json":{"title":"Puestos mas demandados 2013","description":"Los puestos m\u00e1s demandados este a\u00f1o est\u00e1n relacionados con ocommerce o nuevas tecnolog\u00edas","robots":{"index":"index","follow":"follow","max-snippet":"max-snippet:-1","max-image-preview":"max-image-preview:large","max-video-preview":"max-video-preview:-1"},"canonical":"https:\/\/www.urbecom.com\/blog\/los-puestos-mas-demandados-este-ano-estan-relacionados-con-ocommerce-o-nuevas-tecnologias\/","og_locale":"es_ES","og_type":"article","og_title":"Puestos mas demandados 2013","og_description":"Los puestos m\u00e1s demandados este a\u00f1o est\u00e1n relacionados con ocommerce o nuevas tecnolog\u00edas","og_url":"https:\/\/www.urbecom.com\/blog\/los-puestos-mas-demandados-este-ano-estan-relacionados-con-ocommerce-o-nuevas-tecnologias\/","og_site_name":"Blog de comercio electr\u00f3nico, Ecommerce y Marketing Online | urbeCOM","article_publisher":"https:\/\/www.facebook.com\/urbecom","article_published_time":"2013-06-05T15:02:35+00:00","article_modified_time":"2013-06-04T22:16:39+00:00","og_image":[{"url":"http:\/\/www.urbecom.com\/blog\/wp-content\/uploads\/2013\/06\/ecommerce.jpg"}],"twitter_card":"summary_large_image","twitter_creator":"@urbecom","twitter_site":"@urbecom","twitter_misc":{"Escrito por":"Redaccion","Tiempo de lectura":"2 minutos"},"schema":{"@context":"https:\/\/schema.org","@graph":[{"@type":"Organization","@id":"https:\/\/www.urbecom.com\/blog\/#organization","name":"UrbeCOM Ecomercio S.L.","url":"https:\/\/www.urbecom.com\/blog\/","sameAs":["https:\/\/es.pinterest.com\/Urbecom\/","https:\/\/www.youtube.com\/user\/urbecom","https:\/\/www.facebook.com\/urbecom","https:\/\/twitter.com\/urbecom"],"logo":{"@type":"ImageObject","inLanguage":"es","@id":"https:\/\/www.urbecom.com\/blog\/#\/schema\/logo\/image\/","url":"https:\/\/www.urbecom.com\/blog\/wp-content\/uploads\/2019\/05\/Imagotipo800.png","contentUrl":"https:\/\/www.urbecom.com\/blog\/wp-content\/uploads\/2019\/05\/Imagotipo800.png","width":800,"height":800,"caption":"UrbeCOM Ecomercio S.L."},"image":{"@id":"https:\/\/www.urbecom.com\/blog\/#\/schema\/logo\/image\/"}},{"@type":"WebSite","@id":"https:\/\/www.urbecom.com\/blog\/#website","url":"https:\/\/www.urbecom.com\/blog\/","name":"Blog de comercio electr\u00f3nico, Ecommerce y Marketing Online | urbeCOM","description":"Blog de urbeCOM donde encontrar\u00e1s informaci\u00f3n sobre el comercio electr\u00f3nico, c\u00f3mo crear una tienda online, c\u00f3mo vender en Internet y en Redes Sociales, Marketing online, etc.","publisher":{"@id":"https:\/\/www.urbecom.com\/blog\/#organization"},"potentialAction":[{"@type":"SearchAction","target":{"@type":"EntryPoint","urlTemplate":"https:\/\/www.urbecom.com\/blog\/?s={search_term_string}"},"query-input":"required name=search_term_string"}],"inLanguage":"es"},{"@type":"ImageObject","inLanguage":"es","@id":"https:\/\/www.urbecom.com\/blog\/los-puestos-mas-demandados-este-ano-estan-relacionados-con-ocommerce-o-nuevas-tecnologias\/#primaryimage","url":"http:\/\/www.urbecom.com\/blog\/wp-content\/uploads\/2013\/06\/ecommerce.jpg","contentUrl":"http:\/\/www.urbecom.com\/blog\/wp-content\/uploads\/2013\/06\/ecommerce.jpg"},{"@type":"WebPage","@id":"https:\/\/www.urbecom.com\/blog\/los-puestos-mas-demandados-este-ano-estan-relacionados-con-ocommerce-o-nuevas-tecnologias\/#webpage","url":"https:\/\/www.urbecom.com\/blog\/los-puestos-mas-demandados-este-ano-estan-relacionados-con-ocommerce-o-nuevas-tecnologias\/","name":"Puestos mas demandados 2013","isPartOf":{"@id":"https:\/\/www.urbecom.com\/blog\/#website"},"primaryImageOfPage":{"@id":"https:\/\/www.urbecom.com\/blog\/los-puestos-mas-demandados-este-ano-estan-relacionados-con-ocommerce-o-nuevas-tecnologias\/#primaryimage"},"datePublished":"2013-06-05T15:02:35+00:00","dateModified":"2013-06-04T22:16:39+00:00","description":"Los puestos m\u00e1s demandados este a\u00f1o est\u00e1n relacionados con ocommerce o nuevas tecnolog\u00edas","breadcrumb":{"@id":"https:\/\/www.urbecom.com\/blog\/los-puestos-mas-demandados-este-ano-estan-relacionados-con-ocommerce-o-nuevas-tecnologias\/#breadcrumb"},"inLanguage":"es","potentialAction":[{"@type":"ReadAction","target":["https:\/\/www.urbecom.com\/blog\/los-puestos-mas-demandados-este-ano-estan-relacionados-con-ocommerce-o-nuevas-tecnologias\/"]}]},{"@type":"BreadcrumbList","@id":"https:\/\/www.urbecom.com\/blog\/los-puestos-mas-demandados-este-ano-estan-relacionados-con-ocommerce-o-nuevas-tecnologias\/#breadcrumb","itemListElement":[{"@type":"ListItem","position":1,"name":"Portada","item":"https:\/\/www.urbecom.com\/blog\/"},{"@type":"ListItem","position":2,"name":"Los puestos m\u00e1s demandados este a\u00f1o est\u00e1n relacionados con ocommerce o nuevas tecnolog\u00edas"}]},{"@type":"Article","@id":"https:\/\/www.urbecom.com\/blog\/los-puestos-mas-demandados-este-ano-estan-relacionados-con-ocommerce-o-nuevas-tecnologias\/#article","isPartOf":{"@id":"https:\/\/www.urbecom.com\/blog\/los-puestos-mas-demandados-este-ano-estan-relacionados-con-ocommerce-o-nuevas-tecnologias\/#webpage"},"author":{"@id":"https:\/\/www.urbecom.com\/blog\/#\/schema\/person\/d7c213dd82e482dbd40a897ada31a39b"},"headline":"Los puestos m\u00e1s demandados este a\u00f1o est\u00e1n relacionados con ocommerce o nuevas tecnolog\u00edas","datePublished":"2013-06-05T15:02:35+00:00","dateModified":"2013-06-04T22:16:39+00:00","mainEntityOfPage":{"@id":"https:\/\/www.urbecom.com\/blog\/los-puestos-mas-demandados-este-ano-estan-relacionados-con-ocommerce-o-nuevas-tecnologias\/#webpage"},"wordCount":457,"commentCount":0,"publisher":{"@id":"https:\/\/www.urbecom.com\/blog\/#organization"},"image":{"@id":"https:\/\/www.urbecom.com\/blog\/los-puestos-mas-demandados-este-ano-estan-relacionados-con-ocommerce-o-nuevas-tecnologias\/#primaryimage"},"thumbnailUrl":"http:\/\/www.urbecom.com\/blog\/wp-content\/uploads\/2013\/06\/ecommerce.jpg","keywords":["ecommerce"],"articleSection":["Comercio Electr\u00f3nico"],"inLanguage":"es","potentialAction":[{"@type":"CommentAction","name":"Comment","target":["https:\/\/www.urbecom.com\/blog\/los-puestos-mas-demandados-este-ano-estan-relacionados-con-ocommerce-o-nuevas-tecnologias\/#respond"]}]},{"@type":"Person","@id":"https:\/\/www.urbecom.com\/blog\/#\/schema\/person\/d7c213dd82e482dbd40a897ada31a39b","name":"Redaccion","url":"https:\/\/www.urbecom.com\/blog\/author\/redaccion\/"}]}},"_links":{"self":[{"href":"https:\/\/www.urbecom.com\/blog\/wp-json\/wp\/v2\/posts\/5445"}],"collection":[{"href":"https:\/\/www.urbecom.com\/blog\/wp-json\/wp\/v2\/posts"}],"about":[{"href":"https:\/\/www.urbecom.com\/blog\/wp-json\/wp\/v2\/types\/post"}],"author":[{"embeddable":true,"href":"https:\/\/www.urbecom.com\/blog\/wp-json\/wp\/v2\/users\/4"}],"replies":[{"embeddable":true,"href":"https:\/\/www.urbecom.com\/blog\/wp-json\/wp\/v2\/comments?post=5445"}],"version-history":[{"count":1,"href":"https:\/\/www.urbecom.com\/blog\/wp-json\/wp\/v2\/posts\/5445\/revisions"}],"predecessor-version":[{"id":5447,"href":"https:\/\/www.urbecom.com\/blog\/wp-json\/wp\/v2\/posts\/5445\/revisions\/5447"}],"wp:attachment":[{"href":"https:\/\/www.urbecom.com\/blog\/wp-json\/wp\/v2\/media?parent=5445"}],"wp:term":[{"taxonomy":"category","embeddable":true,"href":"https:\/\/www.urbecom.com\/blog\/wp-json\/wp\/v2\/categories?post=5445"},{"taxonomy":"post_tag","embeddable":true,"href":"https:\/\/www.urbecom.com\/blog\/wp-json\/wp\/v2\/tags?post=5445"}],"curies":[{"name":"wp","href":"https:\/\/api.w.org\/{rel}","templated":true}]}}