{"id":6725,"date":"2014-09-02T05:53:12","date_gmt":"2014-09-02T10:53:12","guid":{"rendered":"http:\/\/www.urbecom.com\/blog\/?p=6725"},"modified":"2014-09-02T06:00:44","modified_gmt":"2014-09-02T11:00:44","slug":"como-anadir-tu-web-en-las-paginas-amarillas","status":"publish","type":"post","link":"https:\/\/www.urbecom.com\/blog\/como-anadir-tu-web-en-las-paginas-amarillas\/","title":{"rendered":"C\u00f3mo a\u00f1adir tu Web en las P\u00e1ginas Amarillas"},"content":{"rendered":"<p style=\"text-align: justify;\"><a href=\"http:\/\/www.urbecom.com\/blog\/wp-content\/uploads\/2014\/09\/1.jpg\"><img loading=\"lazy\" class=\"aligncenter size-full wp-image-6726\" alt=\"1\" src=\"http:\/\/www.urbecom.com\/blog\/wp-content\/uploads\/2014\/09\/1.jpg\" width=\"582\" height=\"326\" srcset=\"https:\/\/www.urbecom.com\/blog\/wp-content\/uploads\/2014\/09\/1.jpg 582w, https:\/\/www.urbecom.com\/blog\/wp-content\/uploads\/2014\/09\/1-300x168.jpg 300w\" sizes=\"(max-width: 582px) 100vw, 582px\" \/><\/a><\/p>\n<p style=\"text-align: justify;\">En muchos pa\u00edses <b>las P\u00e1ginas Amarillas<\/b> se refieren a una gu\u00eda telef\u00f3nica para empresas organizadas seg\u00fan el tipo de producto o servicio que ofrecen. Tal y como el nombre indica, en la mayor\u00eda de los casos la apariencia, es la de un libro grueso cuyas p\u00e1ginas contienen un fondo amarillo.\u00a0 No obstante, las P\u00e1ginas Amarillas tambi\u00e9n consisten en una\u00a0base de datos\u00a0de\u00a0informaci\u00f3n\u00a0electr\u00f3nica que contiene el nombre de empresas. Internet ha llegado a las P\u00e1ginas Amarillas desde hace a\u00f1os.<\/p>\n<p>&nbsp;<\/p>\n<p style=\"text-align: justify;\">Para <strong>anunciarse en Internet<\/strong> muchas empresas usan <a href=\"http:\/\/www.paginasamarillas.es\" target=\"_blank\">PaginasAmarillas.es<\/a>, una de las web comerciales m\u00e1s consultadas de Espa\u00f1a, y por tanto donde se puede obtener una buena visibilidad. \u00a0Se trata del mejor lugar para tener m\u00e1xima visibilidad y cobertura.<\/p>\n<p>&nbsp;<\/p>\n<p style=\"text-align: justify;\">Si una empresa o negocio no aparece en el \u00a0buscador de PaginasAmarillas, <strong>se puede dar \u00a0de alta sin coste alguno<\/strong> simplemente\u00a0 rellenando un formulario y as\u00ed se lograr\u00e1 la inserci\u00f3n b\u00e1sica.<\/p>\n<p>&nbsp;<\/p>\n<p style=\"text-align: justify;\">Los datos recogidos ser\u00e1n tratados en la calidad de anunciante empresario, comerciante, industrial o profesional, exclusivamente ligados a la \u00a0actividad comercial o mercantil. A continuaci\u00f3n,\u00a0 PaginasAmarillas.es contactar\u00e1 con la empresa para confirmar que todos los datos son completamente correctos y no hay fallos. As\u00ed, <strong>en breves d\u00edas aparecer\u00e1 el anuncio<\/strong> en la lista de resultados de PaginasAmarillas.es<\/p>\n<p>&nbsp;<\/p>\n<p style=\"text-align: justify;\">A cambio de la inserci\u00f3n de este anuncio, PaginasAmarillas ofrece:<\/p>\n<p>&nbsp;<\/p>\n<ol>\n<li>N\u00famero de usuarios.<\/li>\n<li>Una gran cobertura permite que el anuncio llegue a m\u00e1s clientes potenciales.<\/li>\n<li>Eficacia.<\/li>\n<li>Los \u00a0usuarios encuentran lo que buscan de forma sencilla y clara.<\/li>\n<li>Disponibilidad.<\/li>\n<li>\u00a0Se puede acceder a cualquier hora desde cualquier sitio.<\/li>\n<li>Fiabilidad.<\/li>\n<li>Se trata de \u00a0una marca que lleva acumulados muchos a\u00f1os de experiencia<\/li>\n<\/ol>\n<p>&nbsp;<\/p>\n<p style=\"text-align: justify;\">Adem\u00e1s, en el anuncio <strong>para diferenciarse de la competencia<\/strong> conviene seguir estos consejos:<\/p>\n<p>&nbsp;<\/p>\n<ol>\n<li>Hay que elegir \u00a0una buena posici\u00f3n en la Lista de Resultados. Adem\u00e1s, con los posicionamientos destacados se saldr\u00e1 en los primeros resultados de forma exclusiva para los t\u00e9rminos que uno quiera.<\/li>\n<li>Se debe redirigir al usuario a la Web con un Link.<\/li>\n<li>Se puede destaca todav\u00eda m\u00e1s\u00a0 con un logo en la lista, bot\u00f3n de llamada gratuita, galer\u00eda de fotos, v\u00eddeo etc.<\/li>\n<\/ol>\n<p>&nbsp;<\/p>\n<p style=\"text-align: justify;\">Por \u00faltimo, si la empresa\u00a0 ya esta en el buscador \u00a0de PaginasAmarillas.es y desea\u00a0 actualizar el anuncio o \u00a0bien a\u00f1adir datos de la empresa, basta con\u00a0 rellenar una serie de campos para la identificaci\u00f3n y luego se debe\u00a0 indicar en qu\u00e9 consiste la modificaci\u00f3n que se solicita.\u00a0 En breve, se pondr\u00e1n en contacto con la empresa\u00a0 para que confirme esos nuevos datos. Al cabo de unos pocos d\u00edas, el anuncio aparecer\u00e1 con los datos actualizados en las \u00a0listas de resultados. Esta es una <b>buena forma de <a href=\"http:\/\/www.urbecom.com\/es\/posicionamiento-web-tienda-online\" target=\"_blank\">promocionar una tienda online<\/a> en la red<\/b>, entre muchas otras.<\/p>\n","protected":false},"excerpt":{"rendered":"<p>En muchos pa\u00edses las P\u00e1ginas Amarillas se refieren a una gu\u00eda telef\u00f3nica para empresas organizadas seg\u00fan el tipo de producto o servicio que ofrecen. Tal y como el nombre indica, en la mayor\u00eda de los casos la apariencia, es la de un libro grueso cuyas p\u00e1ginas contienen un fondo amarillo.\u00a0 No obstante, las P\u00e1ginas Amarillas [&hellip;]<\/p>\n","protected":false},"author":1,"featured_media":0,"comment_status":"open","ping_status":"open","sticky":false,"template":"","format":"standard","meta":[],"categories":[17,778,12],"tags":[992],"yoast_head":"<!-- This site is optimized with the Yoast SEO plugin v18.9 - https:\/\/yoast.com\/wordpress\/plugins\/seo\/ -->\n<title>C\u00f3mo a\u00f1adir tu Web en las P\u00e1ginas Amarillas - Blog de comercio electr\u00f3nico, Ecommerce y Marketing Online | urbeCOM<\/title>\n<meta name=\"robots\" content=\"index, follow, max-snippet:-1, max-image-preview:large, max-video-preview:-1\" \/>\n<link rel=\"canonical\" href=\"https:\/\/www.urbecom.com\/blog\/como-anadir-tu-web-en-las-paginas-amarillas\/\" \/>\n<meta property=\"og:locale\" content=\"es_ES\" \/>\n<meta property=\"og:type\" content=\"article\" \/>\n<meta property=\"og:title\" content=\"C\u00f3mo a\u00f1adir tu Web en las P\u00e1ginas Amarillas - Blog de comercio electr\u00f3nico, Ecommerce y Marketing Online | urbeCOM\" \/>\n<meta property=\"og:description\" content=\"En muchos pa\u00edses las P\u00e1ginas Amarillas se refieren a una gu\u00eda telef\u00f3nica para empresas organizadas seg\u00fan el tipo de producto o servicio que ofrecen. Tal y como el nombre indica, en la mayor\u00eda de los casos la apariencia, es la de un libro grueso cuyas p\u00e1ginas contienen un fondo amarillo.\u00a0 No obstante, las P\u00e1ginas Amarillas [&hellip;]\" \/>\n<meta property=\"og:url\" content=\"https:\/\/www.urbecom.com\/blog\/como-anadir-tu-web-en-las-paginas-amarillas\/\" \/>\n<meta property=\"og:site_name\" content=\"Blog de comercio electr\u00f3nico, Ecommerce y Marketing Online | urbeCOM\" \/>\n<meta property=\"article:publisher\" content=\"https:\/\/www.facebook.com\/urbecom\" \/>\n<meta property=\"article:published_time\" content=\"2014-09-02T10:53:12+00:00\" \/>\n<meta property=\"article:modified_time\" content=\"2014-09-02T11:00:44+00:00\" \/>\n<meta property=\"og:image\" content=\"http:\/\/www.urbecom.com\/blog\/wp-content\/uploads\/2014\/09\/1.jpg\" \/>\n<meta name=\"twitter:card\" content=\"summary_large_image\" \/>\n<meta name=\"twitter:creator\" content=\"@urbecom\" \/>\n<meta name=\"twitter:site\" content=\"@urbecom\" \/>\n<meta name=\"twitter:label1\" content=\"Escrito por\" \/>\n\t<meta name=\"twitter:data1\" content=\"urbeCOM Ecomercio\" \/>\n\t<meta name=\"twitter:label2\" content=\"Tiempo de lectura\" \/>\n\t<meta name=\"twitter:data2\" content=\"2 minutos\" \/>\n<script type=\"application\/ld+json\" class=\"yoast-schema-graph\">{\"@context\":\"https:\/\/schema.org\",\"@graph\":[{\"@type\":\"Organization\",\"@id\":\"https:\/\/www.urbecom.com\/blog\/#organization\",\"name\":\"UrbeCOM Ecomercio S.L.\",\"url\":\"https:\/\/www.urbecom.com\/blog\/\",\"sameAs\":[\"https:\/\/es.pinterest.com\/Urbecom\/\",\"https:\/\/www.youtube.com\/user\/urbecom\",\"https:\/\/www.facebook.com\/urbecom\",\"https:\/\/twitter.com\/urbecom\"],\"logo\":{\"@type\":\"ImageObject\",\"inLanguage\":\"es\",\"@id\":\"https:\/\/www.urbecom.com\/blog\/#\/schema\/logo\/image\/\",\"url\":\"https:\/\/www.urbecom.com\/blog\/wp-content\/uploads\/2019\/05\/Imagotipo800.png\",\"contentUrl\":\"https:\/\/www.urbecom.com\/blog\/wp-content\/uploads\/2019\/05\/Imagotipo800.png\",\"width\":800,\"height\":800,\"caption\":\"UrbeCOM Ecomercio S.L.\"},\"image\":{\"@id\":\"https:\/\/www.urbecom.com\/blog\/#\/schema\/logo\/image\/\"}},{\"@type\":\"WebSite\",\"@id\":\"https:\/\/www.urbecom.com\/blog\/#website\",\"url\":\"https:\/\/www.urbecom.com\/blog\/\",\"name\":\"Blog de comercio electr\u00f3nico, Ecommerce y Marketing Online | urbeCOM\",\"description\":\"Blog de urbeCOM donde encontrar\u00e1s informaci\u00f3n sobre el comercio electr\u00f3nico, c\u00f3mo crear una tienda online, c\u00f3mo vender en Internet y en Redes Sociales, Marketing online, etc.\",\"publisher\":{\"@id\":\"https:\/\/www.urbecom.com\/blog\/#organization\"},\"potentialAction\":[{\"@type\":\"SearchAction\",\"target\":{\"@type\":\"EntryPoint\",\"urlTemplate\":\"https:\/\/www.urbecom.com\/blog\/?s={search_term_string}\"},\"query-input\":\"required name=search_term_string\"}],\"inLanguage\":\"es\"},{\"@type\":\"ImageObject\",\"inLanguage\":\"es\",\"@id\":\"https:\/\/www.urbecom.com\/blog\/como-anadir-tu-web-en-las-paginas-amarillas\/#primaryimage\",\"url\":\"http:\/\/www.urbecom.com\/blog\/wp-content\/uploads\/2014\/09\/1.jpg\",\"contentUrl\":\"http:\/\/www.urbecom.com\/blog\/wp-content\/uploads\/2014\/09\/1.jpg\"},{\"@type\":\"WebPage\",\"@id\":\"https:\/\/www.urbecom.com\/blog\/como-anadir-tu-web-en-las-paginas-amarillas\/#webpage\",\"url\":\"https:\/\/www.urbecom.com\/blog\/como-anadir-tu-web-en-las-paginas-amarillas\/\",\"name\":\"C\u00f3mo a\u00f1adir tu Web en las P\u00e1ginas Amarillas - Blog de comercio electr\u00f3nico, Ecommerce y Marketing Online | urbeCOM\",\"isPartOf\":{\"@id\":\"https:\/\/www.urbecom.com\/blog\/#website\"},\"primaryImageOfPage\":{\"@id\":\"https:\/\/www.urbecom.com\/blog\/como-anadir-tu-web-en-las-paginas-amarillas\/#primaryimage\"},\"datePublished\":\"2014-09-02T10:53:12+00:00\",\"dateModified\":\"2014-09-02T11:00:44+00:00\",\"breadcrumb\":{\"@id\":\"https:\/\/www.urbecom.com\/blog\/como-anadir-tu-web-en-las-paginas-amarillas\/#breadcrumb\"},\"inLanguage\":\"es\",\"potentialAction\":[{\"@type\":\"ReadAction\",\"target\":[\"https:\/\/www.urbecom.com\/blog\/como-anadir-tu-web-en-las-paginas-amarillas\/\"]}]},{\"@type\":\"BreadcrumbList\",\"@id\":\"https:\/\/www.urbecom.com\/blog\/como-anadir-tu-web-en-las-paginas-amarillas\/#breadcrumb\",\"itemListElement\":[{\"@type\":\"ListItem\",\"position\":1,\"name\":\"Portada\",\"item\":\"https:\/\/www.urbecom.com\/blog\/\"},{\"@type\":\"ListItem\",\"position\":2,\"name\":\"C\u00f3mo a\u00f1adir tu Web en las P\u00e1ginas Amarillas\"}]},{\"@type\":\"Article\",\"@id\":\"https:\/\/www.urbecom.com\/blog\/como-anadir-tu-web-en-las-paginas-amarillas\/#article\",\"isPartOf\":{\"@id\":\"https:\/\/www.urbecom.com\/blog\/como-anadir-tu-web-en-las-paginas-amarillas\/#webpage\"},\"author\":{\"@id\":\"https:\/\/www.urbecom.com\/blog\/#\/schema\/person\/f8b565551357d8913520396dd1e717de\"},\"headline\":\"C\u00f3mo a\u00f1adir tu Web en las P\u00e1ginas Amarillas\",\"datePublished\":\"2014-09-02T10:53:12+00:00\",\"dateModified\":\"2014-09-02T11:00:44+00:00\",\"mainEntityOfPage\":{\"@id\":\"https:\/\/www.urbecom.com\/blog\/como-anadir-tu-web-en-las-paginas-amarillas\/#webpage\"},\"wordCount\":500,\"commentCount\":1,\"publisher\":{\"@id\":\"https:\/\/www.urbecom.com\/blog\/#organization\"},\"image\":{\"@id\":\"https:\/\/www.urbecom.com\/blog\/como-anadir-tu-web-en-las-paginas-amarillas\/#primaryimage\"},\"thumbnailUrl\":\"http:\/\/www.urbecom.com\/blog\/wp-content\/uploads\/2014\/09\/1.jpg\",\"keywords\":[\"marketing online;promocionar una tienda online\"],\"articleSection\":[\"Comercio Electr\u00f3nico\",\"M\u00e1rketing online\",\"noticias\"],\"inLanguage\":\"es\",\"potentialAction\":[{\"@type\":\"CommentAction\",\"name\":\"Comment\",\"target\":[\"https:\/\/www.urbecom.com\/blog\/como-anadir-tu-web-en-las-paginas-amarillas\/#respond\"]}]},{\"@type\":\"Person\",\"@id\":\"https:\/\/www.urbecom.com\/blog\/#\/schema\/person\/f8b565551357d8913520396dd1e717de\",\"name\":\"urbeCOM Ecomercio\",\"sameAs\":[\"https:\/\/plus.google.com\/+Urbecomsl\/posts\"],\"url\":\"https:\/\/www.urbecom.com\/blog\/author\/admin\/\"}]}<\/script>\n<!-- \/ Yoast SEO plugin. -->","yoast_head_json":{"title":"C\u00f3mo a\u00f1adir tu Web en las P\u00e1ginas Amarillas - Blog de comercio electr\u00f3nico, Ecommerce y Marketing Online | urbeCOM","robots":{"index":"index","follow":"follow","max-snippet":"max-snippet:-1","max-image-preview":"max-image-preview:large","max-video-preview":"max-video-preview:-1"},"canonical":"https:\/\/www.urbecom.com\/blog\/como-anadir-tu-web-en-las-paginas-amarillas\/","og_locale":"es_ES","og_type":"article","og_title":"C\u00f3mo a\u00f1adir tu Web en las P\u00e1ginas Amarillas - Blog de comercio electr\u00f3nico, Ecommerce y Marketing Online | urbeCOM","og_description":"En muchos pa\u00edses las P\u00e1ginas Amarillas se refieren a una gu\u00eda telef\u00f3nica para empresas organizadas seg\u00fan el tipo de producto o servicio que ofrecen. Tal y como el nombre indica, en la mayor\u00eda de los casos la apariencia, es la de un libro grueso cuyas p\u00e1ginas contienen un fondo amarillo.\u00a0 No obstante, las P\u00e1ginas Amarillas [&hellip;]","og_url":"https:\/\/www.urbecom.com\/blog\/como-anadir-tu-web-en-las-paginas-amarillas\/","og_site_name":"Blog de comercio electr\u00f3nico, Ecommerce y Marketing Online | urbeCOM","article_publisher":"https:\/\/www.facebook.com\/urbecom","article_published_time":"2014-09-02T10:53:12+00:00","article_modified_time":"2014-09-02T11:00:44+00:00","og_image":[{"url":"http:\/\/www.urbecom.com\/blog\/wp-content\/uploads\/2014\/09\/1.jpg"}],"twitter_card":"summary_large_image","twitter_creator":"@urbecom","twitter_site":"@urbecom","twitter_misc":{"Escrito por":"urbeCOM Ecomercio","Tiempo de lectura":"2 minutos"},"schema":{"@context":"https:\/\/schema.org","@graph":[{"@type":"Organization","@id":"https:\/\/www.urbecom.com\/blog\/#organization","name":"UrbeCOM Ecomercio S.L.","url":"https:\/\/www.urbecom.com\/blog\/","sameAs":["https:\/\/es.pinterest.com\/Urbecom\/","https:\/\/www.youtube.com\/user\/urbecom","https:\/\/www.facebook.com\/urbecom","https:\/\/twitter.com\/urbecom"],"logo":{"@type":"ImageObject","inLanguage":"es","@id":"https:\/\/www.urbecom.com\/blog\/#\/schema\/logo\/image\/","url":"https:\/\/www.urbecom.com\/blog\/wp-content\/uploads\/2019\/05\/Imagotipo800.png","contentUrl":"https:\/\/www.urbecom.com\/blog\/wp-content\/uploads\/2019\/05\/Imagotipo800.png","width":800,"height":800,"caption":"UrbeCOM Ecomercio S.L."},"image":{"@id":"https:\/\/www.urbecom.com\/blog\/#\/schema\/logo\/image\/"}},{"@type":"WebSite","@id":"https:\/\/www.urbecom.com\/blog\/#website","url":"https:\/\/www.urbecom.com\/blog\/","name":"Blog de comercio electr\u00f3nico, Ecommerce y Marketing Online | urbeCOM","description":"Blog de urbeCOM donde encontrar\u00e1s informaci\u00f3n sobre el comercio electr\u00f3nico, c\u00f3mo crear una tienda online, c\u00f3mo vender en Internet y en Redes Sociales, Marketing online, etc.","publisher":{"@id":"https:\/\/www.urbecom.com\/blog\/#organization"},"potentialAction":[{"@type":"SearchAction","target":{"@type":"EntryPoint","urlTemplate":"https:\/\/www.urbecom.com\/blog\/?s={search_term_string}"},"query-input":"required name=search_term_string"}],"inLanguage":"es"},{"@type":"ImageObject","inLanguage":"es","@id":"https:\/\/www.urbecom.com\/blog\/como-anadir-tu-web-en-las-paginas-amarillas\/#primaryimage","url":"http:\/\/www.urbecom.com\/blog\/wp-content\/uploads\/2014\/09\/1.jpg","contentUrl":"http:\/\/www.urbecom.com\/blog\/wp-content\/uploads\/2014\/09\/1.jpg"},{"@type":"WebPage","@id":"https:\/\/www.urbecom.com\/blog\/como-anadir-tu-web-en-las-paginas-amarillas\/#webpage","url":"https:\/\/www.urbecom.com\/blog\/como-anadir-tu-web-en-las-paginas-amarillas\/","name":"C\u00f3mo a\u00f1adir tu Web en las P\u00e1ginas Amarillas - Blog de comercio electr\u00f3nico, Ecommerce y Marketing Online | urbeCOM","isPartOf":{"@id":"https:\/\/www.urbecom.com\/blog\/#website"},"primaryImageOfPage":{"@id":"https:\/\/www.urbecom.com\/blog\/como-anadir-tu-web-en-las-paginas-amarillas\/#primaryimage"},"datePublished":"2014-09-02T10:53:12+00:00","dateModified":"2014-09-02T11:00:44+00:00","breadcrumb":{"@id":"https:\/\/www.urbecom.com\/blog\/como-anadir-tu-web-en-las-paginas-amarillas\/#breadcrumb"},"inLanguage":"es","potentialAction":[{"@type":"ReadAction","target":["https:\/\/www.urbecom.com\/blog\/como-anadir-tu-web-en-las-paginas-amarillas\/"]}]},{"@type":"BreadcrumbList","@id":"https:\/\/www.urbecom.com\/blog\/como-anadir-tu-web-en-las-paginas-amarillas\/#breadcrumb","itemListElement":[{"@type":"ListItem","position":1,"name":"Portada","item":"https:\/\/www.urbecom.com\/blog\/"},{"@type":"ListItem","position":2,"name":"C\u00f3mo a\u00f1adir tu Web en las P\u00e1ginas Amarillas"}]},{"@type":"Article","@id":"https:\/\/www.urbecom.com\/blog\/como-anadir-tu-web-en-las-paginas-amarillas\/#article","isPartOf":{"@id":"https:\/\/www.urbecom.com\/blog\/como-anadir-tu-web-en-las-paginas-amarillas\/#webpage"},"author":{"@id":"https:\/\/www.urbecom.com\/blog\/#\/schema\/person\/f8b565551357d8913520396dd1e717de"},"headline":"C\u00f3mo a\u00f1adir tu Web en las P\u00e1ginas Amarillas","datePublished":"2014-09-02T10:53:12+00:00","dateModified":"2014-09-02T11:00:44+00:00","mainEntityOfPage":{"@id":"https:\/\/www.urbecom.com\/blog\/como-anadir-tu-web-en-las-paginas-amarillas\/#webpage"},"wordCount":500,"commentCount":1,"publisher":{"@id":"https:\/\/www.urbecom.com\/blog\/#organization"},"image":{"@id":"https:\/\/www.urbecom.com\/blog\/como-anadir-tu-web-en-las-paginas-amarillas\/#primaryimage"},"thumbnailUrl":"http:\/\/www.urbecom.com\/blog\/wp-content\/uploads\/2014\/09\/1.jpg","keywords":["marketing online;promocionar una tienda online"],"articleSection":["Comercio Electr\u00f3nico","M\u00e1rketing online","noticias"],"inLanguage":"es","potentialAction":[{"@type":"CommentAction","name":"Comment","target":["https:\/\/www.urbecom.com\/blog\/como-anadir-tu-web-en-las-paginas-amarillas\/#respond"]}]},{"@type":"Person","@id":"https:\/\/www.urbecom.com\/blog\/#\/schema\/person\/f8b565551357d8913520396dd1e717de","name":"urbeCOM Ecomercio","sameAs":["https:\/\/plus.google.com\/+Urbecomsl\/posts"],"url":"https:\/\/www.urbecom.com\/blog\/author\/admin\/"}]}},"_links":{"self":[{"href":"https:\/\/www.urbecom.com\/blog\/wp-json\/wp\/v2\/posts\/6725"}],"collection":[{"href":"https:\/\/www.urbecom.com\/blog\/wp-json\/wp\/v2\/posts"}],"about":[{"href":"https:\/\/www.urbecom.com\/blog\/wp-json\/wp\/v2\/types\/post"}],"author":[{"embeddable":true,"href":"https:\/\/www.urbecom.com\/blog\/wp-json\/wp\/v2\/users\/1"}],"replies":[{"embeddable":true,"href":"https:\/\/www.urbecom.com\/blog\/wp-json\/wp\/v2\/comments?post=6725"}],"version-history":[{"count":6,"href":"https:\/\/www.urbecom.com\/blog\/wp-json\/wp\/v2\/posts\/6725\/revisions"}],"predecessor-version":[{"id":6732,"href":"https:\/\/www.urbecom.com\/blog\/wp-json\/wp\/v2\/posts\/6725\/revisions\/6732"}],"wp:attachment":[{"href":"https:\/\/www.urbecom.com\/blog\/wp-json\/wp\/v2\/media?parent=6725"}],"wp:term":[{"taxonomy":"category","embeddable":true,"href":"https:\/\/www.urbecom.com\/blog\/wp-json\/wp\/v2\/categories?post=6725"},{"taxonomy":"post_tag","embeddable":true,"href":"https:\/\/www.urbecom.com\/blog\/wp-json\/wp\/v2\/tags?post=6725"}],"curies":[{"name":"wp","href":"https:\/\/api.w.org\/{rel}","templated":true}]}}