{"id":7420,"date":"2015-01-29T04:10:49","date_gmt":"2015-01-29T09:10:49","guid":{"rendered":"https:\/\/www.urbecom.com\/blog\/?p=7420"},"modified":"2016-10-25T11:48:40","modified_gmt":"2016-10-25T16:48:40","slug":"urbecom-com-premiada-por-la-asociacion-andaluza-de-comercio-electronico","status":"publish","type":"post","link":"https:\/\/www.urbecom.com\/blog\/urbecom-com-premiada-por-la-asociacion-andaluza-de-comercio-electronico\/","title":{"rendered":"UrbeCOM.com premiada por la Asociaci\u00f3n Andaluza de Comercio Electr\u00f3nico"},"content":{"rendered":"<p style=\"text-align: left;\">\n<p style=\"text-align: left;\">La Asociaci\u00f3n Andaluza de Comercio Electr\u00f3nico (ANDCE), otorg\u00f3 a <strong><a href=\"https:\/\/www.urbecom.com\">urbeCOM.com<\/a> el segundo premio a la mejor tienda online de Andaluc\u00eda 2014<\/strong>. <a href=\"https:\/\/www.facebook.com\/media\/set\/?set=a.635838273121608.1073741827.170479426324164&amp;type=1\">El galard\u00f3n fue entregado<\/a> por la <strong>Catedr\u00e1tica de la Facultad<\/strong> de Ciencias Econ\u00f3micas y Empresariales de la Universidad de Sevilla, Paula Luna Huertas. En el acto de entrega de los premios, estuvieron, igualmente presentes, la <strong>Secretaria General de Consumo de la Junta de Andaluc\u00eda<\/strong>, Mar\u00eda Dolores Mu\u00f1oz Carrasco, el <strong>Director en Andaluc\u00eda de la Escuela de Organizaci\u00f3n Industrial<\/strong>, Francisco Javier Velasco Cabello; el <strong>Responsable de la Divisi\u00f3n de Nuevas Tecnolog\u00edas<\/strong> en la Delegaci\u00f3n Especial de la Agencia Estatal de Administraci\u00f3n Tributaria en Andaluc\u00eda, Bartolom\u00e9 Borrego Zabala; y el <strong>Presidente de la Asociaci\u00f3n Andaluza<\/strong> de Comercio Electr\u00f3nico, Pedro Rodr\u00edguez L\u00f3pez de Lemus.<\/p>\n<p style=\"text-align: left;\">El jurado de los Premios designado por ANDCE y que ha estado formado por t\u00e9cnicos especialistas, junto con una representaci\u00f3n de la entidad organizadora, reconocen con este premio <strong>el dise\u00f1o, usabilidad, idea de negocio y cumplimiento legal, as\u00ed como la aportaci\u00f3n a la Sociedad de la Informaci\u00f3n Andaluza, de la empresa urbeCOM.com.<\/strong><\/p>\n","protected":false},"excerpt":{"rendered":"<p>La Asociaci\u00f3n Andaluza de Comercio Electr\u00f3nico (ANDCE), otorg\u00f3 a urbeCOM.com el segundo premio a la mejor tienda online de Andaluc\u00eda 2014. El galard\u00f3n fue entregado por la Catedr\u00e1tica de la Facultad de Ciencias Econ\u00f3micas y Empresariales de la Universidad de Sevilla, Paula Luna Huertas. En el acto de entrega de los premios, estuvieron, igualmente presentes, [&hellip;]<\/p>\n","protected":false},"author":1,"featured_media":7435,"comment_status":"open","ping_status":"open","sticky":false,"template":"","format":"standard","meta":[],"categories":[17,112,1],"tags":[1023,1049,1195,1050],"yoast_head":"<!-- This site is optimized with the Yoast SEO plugin v18.9 - https:\/\/yoast.com\/wordpress\/plugins\/seo\/ -->\n<title>UrbeCOM.com premiada por la Asociaci\u00f3n Andaluza de Comercio Electr\u00f3nico - Blog de comercio electr\u00f3nico, Ecommerce y Marketing Online | urbeCOM<\/title>\n<meta name=\"robots\" content=\"index, follow, max-snippet:-1, max-image-preview:large, max-video-preview:-1\" \/>\n<link rel=\"canonical\" href=\"https:\/\/www.urbecom.com\/blog\/urbecom-com-premiada-por-la-asociacion-andaluza-de-comercio-electronico\/\" \/>\n<meta property=\"og:locale\" content=\"es_ES\" \/>\n<meta property=\"og:type\" content=\"article\" \/>\n<meta property=\"og:title\" content=\"UrbeCOM.com premiada por la Asociaci\u00f3n Andaluza de Comercio Electr\u00f3nico - Blog de comercio electr\u00f3nico, Ecommerce y Marketing Online | urbeCOM\" \/>\n<meta property=\"og:description\" content=\"La Asociaci\u00f3n Andaluza de Comercio Electr\u00f3nico (ANDCE), otorg\u00f3 a urbeCOM.com el segundo premio a la mejor tienda online de Andaluc\u00eda 2014. El galard\u00f3n fue entregado por la Catedr\u00e1tica de la Facultad de Ciencias Econ\u00f3micas y Empresariales de la Universidad de Sevilla, Paula Luna Huertas. En el acto de entrega de los premios, estuvieron, igualmente presentes, [&hellip;]\" \/>\n<meta property=\"og:url\" content=\"https:\/\/www.urbecom.com\/blog\/urbecom-com-premiada-por-la-asociacion-andaluza-de-comercio-electronico\/\" \/>\n<meta property=\"og:site_name\" content=\"Blog de comercio electr\u00f3nico, Ecommerce y Marketing Online | urbeCOM\" \/>\n<meta property=\"article:publisher\" content=\"https:\/\/www.facebook.com\/urbecom\" \/>\n<meta property=\"article:published_time\" content=\"2015-01-29T09:10:49+00:00\" \/>\n<meta property=\"article:modified_time\" content=\"2016-10-25T16:48:40+00:00\" \/>\n<meta property=\"og:image\" content=\"https:\/\/www.urbecom.com\/blog\/wp-content\/uploads\/2015\/01\/29-01-2015-1.jpg\" \/>\n\t<meta property=\"og:image:width\" content=\"800\" \/>\n\t<meta property=\"og:image:height\" content=\"657\" \/>\n\t<meta property=\"og:image:type\" content=\"image\/jpeg\" \/>\n<meta name=\"twitter:card\" content=\"summary_large_image\" \/>\n<meta name=\"twitter:creator\" content=\"@urbecom\" \/>\n<meta name=\"twitter:site\" content=\"@urbecom\" \/>\n<meta name=\"twitter:label1\" content=\"Escrito por\" \/>\n\t<meta name=\"twitter:data1\" content=\"urbeCOM Ecomercio\" \/>\n\t<meta name=\"twitter:label2\" content=\"Tiempo de lectura\" \/>\n\t<meta name=\"twitter:data2\" content=\"1 minuto\" \/>\n<script type=\"application\/ld+json\" class=\"yoast-schema-graph\">{\"@context\":\"https:\/\/schema.org\",\"@graph\":[{\"@type\":\"Organization\",\"@id\":\"https:\/\/www.urbecom.com\/blog\/#organization\",\"name\":\"UrbeCOM Ecomercio S.L.\",\"url\":\"https:\/\/www.urbecom.com\/blog\/\",\"sameAs\":[\"https:\/\/es.pinterest.com\/Urbecom\/\",\"https:\/\/www.youtube.com\/user\/urbecom\",\"https:\/\/www.facebook.com\/urbecom\",\"https:\/\/twitter.com\/urbecom\"],\"logo\":{\"@type\":\"ImageObject\",\"inLanguage\":\"es\",\"@id\":\"https:\/\/www.urbecom.com\/blog\/#\/schema\/logo\/image\/\",\"url\":\"https:\/\/www.urbecom.com\/blog\/wp-content\/uploads\/2019\/05\/Imagotipo800.png\",\"contentUrl\":\"https:\/\/www.urbecom.com\/blog\/wp-content\/uploads\/2019\/05\/Imagotipo800.png\",\"width\":800,\"height\":800,\"caption\":\"UrbeCOM Ecomercio S.L.\"},\"image\":{\"@id\":\"https:\/\/www.urbecom.com\/blog\/#\/schema\/logo\/image\/\"}},{\"@type\":\"WebSite\",\"@id\":\"https:\/\/www.urbecom.com\/blog\/#website\",\"url\":\"https:\/\/www.urbecom.com\/blog\/\",\"name\":\"Blog de comercio electr\u00f3nico, Ecommerce y Marketing Online | urbeCOM\",\"description\":\"Blog de urbeCOM donde encontrar\u00e1s informaci\u00f3n sobre el comercio electr\u00f3nico, c\u00f3mo crear una tienda online, c\u00f3mo vender en Internet y en Redes Sociales, Marketing online, etc.\",\"publisher\":{\"@id\":\"https:\/\/www.urbecom.com\/blog\/#organization\"},\"potentialAction\":[{\"@type\":\"SearchAction\",\"target\":{\"@type\":\"EntryPoint\",\"urlTemplate\":\"https:\/\/www.urbecom.com\/blog\/?s={search_term_string}\"},\"query-input\":\"required name=search_term_string\"}],\"inLanguage\":\"es\"},{\"@type\":\"ImageObject\",\"inLanguage\":\"es\",\"@id\":\"https:\/\/www.urbecom.com\/blog\/urbecom-com-premiada-por-la-asociacion-andaluza-de-comercio-electronico\/#primaryimage\",\"url\":\"https:\/\/www.urbecom.com\/blog\/wp-content\/uploads\/2015\/01\/29-01-2015-1.jpg\",\"contentUrl\":\"https:\/\/www.urbecom.com\/blog\/wp-content\/uploads\/2015\/01\/29-01-2015-1.jpg\",\"width\":800,\"height\":657,\"caption\":\"urbecom-com-premiada-por-la-asociacion-andaluza-de-comercio-electronico\"},{\"@type\":\"WebPage\",\"@id\":\"https:\/\/www.urbecom.com\/blog\/urbecom-com-premiada-por-la-asociacion-andaluza-de-comercio-electronico\/#webpage\",\"url\":\"https:\/\/www.urbecom.com\/blog\/urbecom-com-premiada-por-la-asociacion-andaluza-de-comercio-electronico\/\",\"name\":\"UrbeCOM.com premiada por la Asociaci\u00f3n Andaluza de Comercio Electr\u00f3nico - Blog de comercio electr\u00f3nico, Ecommerce y Marketing Online | urbeCOM\",\"isPartOf\":{\"@id\":\"https:\/\/www.urbecom.com\/blog\/#website\"},\"primaryImageOfPage\":{\"@id\":\"https:\/\/www.urbecom.com\/blog\/urbecom-com-premiada-por-la-asociacion-andaluza-de-comercio-electronico\/#primaryimage\"},\"datePublished\":\"2015-01-29T09:10:49+00:00\",\"dateModified\":\"2016-10-25T16:48:40+00:00\",\"breadcrumb\":{\"@id\":\"https:\/\/www.urbecom.com\/blog\/urbecom-com-premiada-por-la-asociacion-andaluza-de-comercio-electronico\/#breadcrumb\"},\"inLanguage\":\"es\",\"potentialAction\":[{\"@type\":\"ReadAction\",\"target\":[\"https:\/\/www.urbecom.com\/blog\/urbecom-com-premiada-por-la-asociacion-andaluza-de-comercio-electronico\/\"]}]},{\"@type\":\"BreadcrumbList\",\"@id\":\"https:\/\/www.urbecom.com\/blog\/urbecom-com-premiada-por-la-asociacion-andaluza-de-comercio-electronico\/#breadcrumb\",\"itemListElement\":[{\"@type\":\"ListItem\",\"position\":1,\"name\":\"Portada\",\"item\":\"https:\/\/www.urbecom.com\/blog\/\"},{\"@type\":\"ListItem\",\"position\":2,\"name\":\"UrbeCOM.com premiada por la Asociaci\u00f3n Andaluza de Comercio Electr\u00f3nico\"}]},{\"@type\":\"Article\",\"@id\":\"https:\/\/www.urbecom.com\/blog\/urbecom-com-premiada-por-la-asociacion-andaluza-de-comercio-electronico\/#article\",\"isPartOf\":{\"@id\":\"https:\/\/www.urbecom.com\/blog\/urbecom-com-premiada-por-la-asociacion-andaluza-de-comercio-electronico\/#webpage\"},\"author\":{\"@id\":\"https:\/\/www.urbecom.com\/blog\/#\/schema\/person\/f8b565551357d8913520396dd1e717de\"},\"headline\":\"UrbeCOM.com premiada por la Asociaci\u00f3n Andaluza de Comercio Electr\u00f3nico\",\"datePublished\":\"2015-01-29T09:10:49+00:00\",\"dateModified\":\"2016-10-25T16:48:40+00:00\",\"mainEntityOfPage\":{\"@id\":\"https:\/\/www.urbecom.com\/blog\/urbecom-com-premiada-por-la-asociacion-andaluza-de-comercio-electronico\/#webpage\"},\"wordCount\":212,\"commentCount\":0,\"publisher\":{\"@id\":\"https:\/\/www.urbecom.com\/blog\/#organization\"},\"image\":{\"@id\":\"https:\/\/www.urbecom.com\/blog\/urbecom-com-premiada-por-la-asociacion-andaluza-de-comercio-electronico\/#primaryimage\"},\"thumbnailUrl\":\"https:\/\/www.urbecom.com\/blog\/wp-content\/uploads\/2015\/01\/29-01-2015-1.jpg\",\"keywords\":[\"premios de urbecom.com\",\"reconocimientos a urbecom.com\",\"urbeCOM\",\"urbecom.com\"],\"articleSection\":[\"Comercio Electr\u00f3nico\",\"noticias de urbeCOM\",\"urbeCOM\"],\"inLanguage\":\"es\",\"potentialAction\":[{\"@type\":\"CommentAction\",\"name\":\"Comment\",\"target\":[\"https:\/\/www.urbecom.com\/blog\/urbecom-com-premiada-por-la-asociacion-andaluza-de-comercio-electronico\/#respond\"]}]},{\"@type\":\"Person\",\"@id\":\"https:\/\/www.urbecom.com\/blog\/#\/schema\/person\/f8b565551357d8913520396dd1e717de\",\"name\":\"urbeCOM Ecomercio\",\"sameAs\":[\"https:\/\/plus.google.com\/+Urbecomsl\/posts\"],\"url\":\"https:\/\/www.urbecom.com\/blog\/author\/admin\/\"}]}<\/script>\n<!-- \/ Yoast SEO plugin. -->","yoast_head_json":{"title":"UrbeCOM.com premiada por la Asociaci\u00f3n Andaluza de Comercio Electr\u00f3nico - Blog de comercio electr\u00f3nico, Ecommerce y Marketing Online | urbeCOM","robots":{"index":"index","follow":"follow","max-snippet":"max-snippet:-1","max-image-preview":"max-image-preview:large","max-video-preview":"max-video-preview:-1"},"canonical":"https:\/\/www.urbecom.com\/blog\/urbecom-com-premiada-por-la-asociacion-andaluza-de-comercio-electronico\/","og_locale":"es_ES","og_type":"article","og_title":"UrbeCOM.com premiada por la Asociaci\u00f3n Andaluza de Comercio Electr\u00f3nico - Blog de comercio electr\u00f3nico, Ecommerce y Marketing Online | urbeCOM","og_description":"La Asociaci\u00f3n Andaluza de Comercio Electr\u00f3nico (ANDCE), otorg\u00f3 a urbeCOM.com el segundo premio a la mejor tienda online de Andaluc\u00eda 2014. El galard\u00f3n fue entregado por la Catedr\u00e1tica de la Facultad de Ciencias Econ\u00f3micas y Empresariales de la Universidad de Sevilla, Paula Luna Huertas. En el acto de entrega de los premios, estuvieron, igualmente presentes, [&hellip;]","og_url":"https:\/\/www.urbecom.com\/blog\/urbecom-com-premiada-por-la-asociacion-andaluza-de-comercio-electronico\/","og_site_name":"Blog de comercio electr\u00f3nico, Ecommerce y Marketing Online | urbeCOM","article_publisher":"https:\/\/www.facebook.com\/urbecom","article_published_time":"2015-01-29T09:10:49+00:00","article_modified_time":"2016-10-25T16:48:40+00:00","og_image":[{"width":800,"height":657,"url":"https:\/\/www.urbecom.com\/blog\/wp-content\/uploads\/2015\/01\/29-01-2015-1.jpg","type":"image\/jpeg"}],"twitter_card":"summary_large_image","twitter_creator":"@urbecom","twitter_site":"@urbecom","twitter_misc":{"Escrito por":"urbeCOM Ecomercio","Tiempo de lectura":"1 minuto"},"schema":{"@context":"https:\/\/schema.org","@graph":[{"@type":"Organization","@id":"https:\/\/www.urbecom.com\/blog\/#organization","name":"UrbeCOM Ecomercio S.L.","url":"https:\/\/www.urbecom.com\/blog\/","sameAs":["https:\/\/es.pinterest.com\/Urbecom\/","https:\/\/www.youtube.com\/user\/urbecom","https:\/\/www.facebook.com\/urbecom","https:\/\/twitter.com\/urbecom"],"logo":{"@type":"ImageObject","inLanguage":"es","@id":"https:\/\/www.urbecom.com\/blog\/#\/schema\/logo\/image\/","url":"https:\/\/www.urbecom.com\/blog\/wp-content\/uploads\/2019\/05\/Imagotipo800.png","contentUrl":"https:\/\/www.urbecom.com\/blog\/wp-content\/uploads\/2019\/05\/Imagotipo800.png","width":800,"height":800,"caption":"UrbeCOM Ecomercio S.L."},"image":{"@id":"https:\/\/www.urbecom.com\/blog\/#\/schema\/logo\/image\/"}},{"@type":"WebSite","@id":"https:\/\/www.urbecom.com\/blog\/#website","url":"https:\/\/www.urbecom.com\/blog\/","name":"Blog de comercio electr\u00f3nico, Ecommerce y Marketing Online | urbeCOM","description":"Blog de urbeCOM donde encontrar\u00e1s informaci\u00f3n sobre el comercio electr\u00f3nico, c\u00f3mo crear una tienda online, c\u00f3mo vender en Internet y en Redes Sociales, Marketing online, etc.","publisher":{"@id":"https:\/\/www.urbecom.com\/blog\/#organization"},"potentialAction":[{"@type":"SearchAction","target":{"@type":"EntryPoint","urlTemplate":"https:\/\/www.urbecom.com\/blog\/?s={search_term_string}"},"query-input":"required name=search_term_string"}],"inLanguage":"es"},{"@type":"ImageObject","inLanguage":"es","@id":"https:\/\/www.urbecom.com\/blog\/urbecom-com-premiada-por-la-asociacion-andaluza-de-comercio-electronico\/#primaryimage","url":"https:\/\/www.urbecom.com\/blog\/wp-content\/uploads\/2015\/01\/29-01-2015-1.jpg","contentUrl":"https:\/\/www.urbecom.com\/blog\/wp-content\/uploads\/2015\/01\/29-01-2015-1.jpg","width":800,"height":657,"caption":"urbecom-com-premiada-por-la-asociacion-andaluza-de-comercio-electronico"},{"@type":"WebPage","@id":"https:\/\/www.urbecom.com\/blog\/urbecom-com-premiada-por-la-asociacion-andaluza-de-comercio-electronico\/#webpage","url":"https:\/\/www.urbecom.com\/blog\/urbecom-com-premiada-por-la-asociacion-andaluza-de-comercio-electronico\/","name":"UrbeCOM.com premiada por la Asociaci\u00f3n Andaluza de Comercio Electr\u00f3nico - Blog de comercio electr\u00f3nico, Ecommerce y Marketing Online | urbeCOM","isPartOf":{"@id":"https:\/\/www.urbecom.com\/blog\/#website"},"primaryImageOfPage":{"@id":"https:\/\/www.urbecom.com\/blog\/urbecom-com-premiada-por-la-asociacion-andaluza-de-comercio-electronico\/#primaryimage"},"datePublished":"2015-01-29T09:10:49+00:00","dateModified":"2016-10-25T16:48:40+00:00","breadcrumb":{"@id":"https:\/\/www.urbecom.com\/blog\/urbecom-com-premiada-por-la-asociacion-andaluza-de-comercio-electronico\/#breadcrumb"},"inLanguage":"es","potentialAction":[{"@type":"ReadAction","target":["https:\/\/www.urbecom.com\/blog\/urbecom-com-premiada-por-la-asociacion-andaluza-de-comercio-electronico\/"]}]},{"@type":"BreadcrumbList","@id":"https:\/\/www.urbecom.com\/blog\/urbecom-com-premiada-por-la-asociacion-andaluza-de-comercio-electronico\/#breadcrumb","itemListElement":[{"@type":"ListItem","position":1,"name":"Portada","item":"https:\/\/www.urbecom.com\/blog\/"},{"@type":"ListItem","position":2,"name":"UrbeCOM.com premiada por la Asociaci\u00f3n Andaluza de Comercio Electr\u00f3nico"}]},{"@type":"Article","@id":"https:\/\/www.urbecom.com\/blog\/urbecom-com-premiada-por-la-asociacion-andaluza-de-comercio-electronico\/#article","isPartOf":{"@id":"https:\/\/www.urbecom.com\/blog\/urbecom-com-premiada-por-la-asociacion-andaluza-de-comercio-electronico\/#webpage"},"author":{"@id":"https:\/\/www.urbecom.com\/blog\/#\/schema\/person\/f8b565551357d8913520396dd1e717de"},"headline":"UrbeCOM.com premiada por la Asociaci\u00f3n Andaluza de Comercio Electr\u00f3nico","datePublished":"2015-01-29T09:10:49+00:00","dateModified":"2016-10-25T16:48:40+00:00","mainEntityOfPage":{"@id":"https:\/\/www.urbecom.com\/blog\/urbecom-com-premiada-por-la-asociacion-andaluza-de-comercio-electronico\/#webpage"},"wordCount":212,"commentCount":0,"publisher":{"@id":"https:\/\/www.urbecom.com\/blog\/#organization"},"image":{"@id":"https:\/\/www.urbecom.com\/blog\/urbecom-com-premiada-por-la-asociacion-andaluza-de-comercio-electronico\/#primaryimage"},"thumbnailUrl":"https:\/\/www.urbecom.com\/blog\/wp-content\/uploads\/2015\/01\/29-01-2015-1.jpg","keywords":["premios de urbecom.com","reconocimientos a urbecom.com","urbeCOM","urbecom.com"],"articleSection":["Comercio Electr\u00f3nico","noticias de urbeCOM","urbeCOM"],"inLanguage":"es","potentialAction":[{"@type":"CommentAction","name":"Comment","target":["https:\/\/www.urbecom.com\/blog\/urbecom-com-premiada-por-la-asociacion-andaluza-de-comercio-electronico\/#respond"]}]},{"@type":"Person","@id":"https:\/\/www.urbecom.com\/blog\/#\/schema\/person\/f8b565551357d8913520396dd1e717de","name":"urbeCOM Ecomercio","sameAs":["https:\/\/plus.google.com\/+Urbecomsl\/posts"],"url":"https:\/\/www.urbecom.com\/blog\/author\/admin\/"}]}},"_links":{"self":[{"href":"https:\/\/www.urbecom.com\/blog\/wp-json\/wp\/v2\/posts\/7420"}],"collection":[{"href":"https:\/\/www.urbecom.com\/blog\/wp-json\/wp\/v2\/posts"}],"about":[{"href":"https:\/\/www.urbecom.com\/blog\/wp-json\/wp\/v2\/types\/post"}],"author":[{"embeddable":true,"href":"https:\/\/www.urbecom.com\/blog\/wp-json\/wp\/v2\/users\/1"}],"replies":[{"embeddable":true,"href":"https:\/\/www.urbecom.com\/blog\/wp-json\/wp\/v2\/comments?post=7420"}],"version-history":[{"count":3,"href":"https:\/\/www.urbecom.com\/blog\/wp-json\/wp\/v2\/posts\/7420\/revisions"}],"predecessor-version":[{"id":8133,"href":"https:\/\/www.urbecom.com\/blog\/wp-json\/wp\/v2\/posts\/7420\/revisions\/8133"}],"wp:featuredmedia":[{"embeddable":true,"href":"https:\/\/www.urbecom.com\/blog\/wp-json\/wp\/v2\/media\/7435"}],"wp:attachment":[{"href":"https:\/\/www.urbecom.com\/blog\/wp-json\/wp\/v2\/media?parent=7420"}],"wp:term":[{"taxonomy":"category","embeddable":true,"href":"https:\/\/www.urbecom.com\/blog\/wp-json\/wp\/v2\/categories?post=7420"},{"taxonomy":"post_tag","embeddable":true,"href":"https:\/\/www.urbecom.com\/blog\/wp-json\/wp\/v2\/tags?post=7420"}],"curies":[{"name":"wp","href":"https:\/\/api.w.org\/{rel}","templated":true}]}}